{"id":142590,"date":"2013-10-22T11:07:47","date_gmt":"2013-10-22T09:07:47","guid":{"rendered":"http:\/\/www.radioluna.it\/news\/?p=142590"},"modified":"2013-10-22T11:08:08","modified_gmt":"2013-10-22T09:08:08","slug":"pippo-civati-a-latina-incontro-al-gabbiano","status":"publish","type":"post","link":"https:\/\/www.radioluna.it\/news\/2013\/10\/pippo-civati-a-latina-incontro-al-gabbiano\/","title":{"rendered":"PIPPO CIVATI A LATINA<BR> Incontro al Gabbiano"},"content":{"rendered":"<div id=\"fb-root\"><\/div>\n<p style=\"text-align: justify;\"><a href=\"http:\/\/www.radioluna.it\/news\/wp-content\/uploads\/2013\/10\/civati.jpg\"><img loading=\"lazy\" decoding=\"async\" class=\"alignleft size-medium wp-image-142591\" alt=\"civati\" src=\"http:\/\/www.radioluna.it\/news\/wp-content\/uploads\/2013\/10\/civati-211x300.jpg\" width=\"211\" height=\"300\" \/><\/a>LATINA &#8211; Il comitato Latina per Civati invita simpatizzanti e non solo, all&#8217;incontro pubblico con il candidato alla segreteria del Partito Democratico Giuseppe Civati che si terr\u00e0 oggi, marted\u00ec 22 ottobre, a Latina nella sala convegni &#8220;Il gabbiano&#8221;, via XVIII dicembre n\u00b0124.\u00a0Sar\u00e0 presente anche il candidato alla segreteria del PD provinciale Bruno Fiore. L&#8217;inizio dell&#8217;incontro, che sar\u00e0 moderato dal giornalista di Latina Oggi Tony Ortoleva, \u00e8 previsto per \u00a0le 21.<\/p>\n<div><\/div>\n","protected":false},"excerpt":{"rendered":"<p>LATINA &#8211; Il comitato Latina per Civati invita simpatizzanti e non solo, all&#8217;incontro pubblico con il candidato alla segreteria del Partito Democratico Giuseppe Civati che si terr\u00e0 oggi, marted\u00ec 22 ottobre, a Latina nella sala convegni &#8220;Il gabbiano&#8221;, via XVIII dicembre n\u00b0124.\u00a0Sar\u00e0 presente anche il candidato alla segreteria del PD provinciale Bruno Fiore. L&#8217;inizio dell&#8217;incontro, [&hellip;]<\/p>\n","protected":false},"author":62,"featured_media":142591,"comment_status":"open","ping_status":"closed","sticky":false,"template":"","format":"standard","meta":{"footnotes":""},"categories":[8],"tags":[],"class_list":["post-142590","post","type-post","status-publish","format-standard","has-post-thumbnail","hentry","category-politica"],"_links":{"self":[{"href":"https:\/\/www.radioluna.it\/news\/wp-json\/wp\/v2\/posts\/142590","targetHints":{"allow":["GET"]}}],"collection":[{"href":"https:\/\/www.radioluna.it\/news\/wp-json\/wp\/v2\/posts"}],"about":[{"href":"https:\/\/www.radioluna.it\/news\/wp-json\/wp\/v2\/types\/post"}],"author":[{"embeddable":true,"href":"https:\/\/www.radioluna.it\/news\/wp-json\/wp\/v2\/users\/62"}],"replies":[{"embeddable":true,"href":"https:\/\/www.radioluna.it\/news\/wp-json\/wp\/v2\/comments?post=142590"}],"version-history":[{"count":0,"href":"https:\/\/www.radioluna.it\/news\/wp-json\/wp\/v2\/posts\/142590\/revisions"}],"wp:featuredmedia":[{"embeddable":true,"href":"https:\/\/www.radioluna.it\/news\/wp-json\/wp\/v2\/media\/142591"}],"wp:attachment":[{"href":"https:\/\/www.radioluna.it\/news\/wp-json\/wp\/v2\/media?parent=142590"}],"wp:term":[{"taxonomy":"category","embeddable":true,"href":"https:\/\/www.radioluna.it\/news\/wp-json\/wp\/v2\/categories?post=142590"},{"taxonomy":"post_tag","embeddable":true,"href":"https:\/\/www.radioluna.it\/news\/wp-json\/wp\/v2\/tags?post=142590"}],"curies":[{"name":"wp","href":"https:\/\/api.w.org\/{rel}","templated":true}]}}