{"id":142645,"date":"2013-10-23T12:20:59","date_gmt":"2013-10-23T10:20:59","guid":{"rendered":"http:\/\/www.radioluna.it\/news\/?p=142645"},"modified":"2013-10-23T16:16:39","modified_gmt":"2013-10-23T14:16:39","slug":"latina-boxe-sul-ring-appuntamento-venerdi","status":"publish","type":"post","link":"https:\/\/www.radioluna.it\/news\/2013\/10\/latina-boxe-sul-ring-appuntamento-venerdi\/","title":{"rendered":"LATINA BOXE SUL RING<BR> Appuntamento venerd\u00ec<BR> Benvenuti ospite d&#8217;eccezione"},"content":{"rendered":"<div id=\"fb-root\"><\/div>\n<p style=\"text-align: justify;\"><a href=\"http:\/\/www.radioluna.it\/news\/wp-content\/uploads\/2013\/10\/Roberto-Improta-1.jpg\"><img loading=\"lazy\" decoding=\"async\" class=\"alignleft size-medium wp-image-142650\" alt=\"Roberto Improta 1\" src=\"http:\/\/www.radioluna.it\/news\/wp-content\/uploads\/2013\/10\/Roberto-Improta-1-300x196.jpg\" width=\"300\" height=\"196\" srcset=\"https:\/\/www.radioluna.it\/news\/wp-content\/uploads\/2013\/10\/Roberto-Improta-1-300x196.jpg 300w, https:\/\/www.radioluna.it\/news\/wp-content\/uploads\/2013\/10\/Roberto-Improta-1.jpg 500w\" sizes=\"auto, (max-width: 300px) 100vw, 300px\" \/><\/a>LATINA &#8211;\u00a0E\u2019 un menu ricco di impegni quello della Boxe Latina. Dopo il titolo regionale junior, Angelo Marchetto \u00e8 gi\u00e0 a Cuneo per i campionati italiani, mentre qui a Latina saranno addirittura quattro i pugili a dover salire sul ring, venerd\u00ec 25 ottobre per una riunione organizzata dalla Parisi Boxe (in <b>via Monti Lepini al km51400)<\/b>. \u00a0Matteo Conti (64 kg junior), Erik F\u00e8 (63 kg junior), Angelo Raffa (60 kg III serie) e Roberto Improta (57 kg I serie), al suo ultimo incontro da dilettante.<\/p>\n<p style=\"text-align: justify;\">\u00abQuesto \u00e8 un bel momento per la nostra societ\u00e0 \u2013 ha dichiarato il direttore sportivo Rocco Prezioso \u2013 credo che tutti i ragazzi impegnati siano pronti per i loro match. Sar\u00e0 un weekend appassionante ma soprattutto di crescita per ogni singolo pugile, noi tifiamo per loro. La Boxe Latina prosegue il suo ottimo cammino, sotto tutti i punti di vista, e questo non pu\u00f2 che renderci felici\u00bb. Alla serata di venerd\u00ec, cui prender\u00e0 parte anche l\u2019ex campione Nino Benvenuti, la Boxe Latina se la vedr\u00e0 con i pugili della Napoli Boxe, la Team Boxe Roma XI e l\u2019Audax Cisterna. Raffa affronter\u00e0 Gasparri della delegazione romana mentre F\u00e8 se la vedr\u00e0 con Tsebryk da Napoli con Conti che infine sfider\u00e0 Cannatelli dell\u2019Audax. Per quanto riguarda l\u2019ultima, prima del salto nei professionisti, di Improta nell\u2019altro angolo ci sar\u00e0 Savino Bifulco sempre della Napoli Boxe.<\/p>\n<p style=\"text-align: justify;\">\u00abNon conosciamo tutti i pugili avversari ma conosciamo il valore dei nostri ragazzi \u2013 conclude poi Prezioso \u2013 Raffa ha gi\u00e0 vinto ai punti con Gasparri nel 2012 e speriamo questo sia un buon auspicio per questo importante weekend. Vogliamo fare tutti un in bocca a lupo a Conti invece, al suo esordio, senza dimenticare Marchetto che, insieme al maestro Luca Illuminato, sta difendendo i nostri colori in un weekend impegnativo come quello di Cuneo\u00bb.<\/p>\n<p align=\"JUSTIFY\"><span>BENVENUTI &#8211; Sar\u00e0 Nino Benvenuti l&#8217;ospite d&#8217;eccezione alla riunione di boxe organizzata dalla AS Latina Parisi Boxe venerd\u00ec 25 ottobre, presso il Palaboxe Giovanni Parisi. La leggenda del pugilato italiano assister\u00e0 ad una serie di incontri dilettantistici che hanno come protagonisti i pugili delle principali societ\u00e0 pontine, romane, ciociare, ma anche da Velletri e Napoli. Nell&#8217;occasione Nino Benvenuti presenter\u00e0 il libro &#8220;L&#8217;ISOLA CHE NON C&#8217;\u00c8&#8221;, scritto insieme a Mauro Grimaldi, in cui racconta il suo dramma e quello degli esuli istriani oppressi dal generale Tito, prima di diventare uno degli pugili pi\u00f9 popolari al mondo. \u00abNon potevo chiedere di pi\u00f9 all&#8217;inizio della nuova stagione sportiva &#8211; dice Mirko Parisi &#8211; presidente della AS Latina Parisi Boxe -, avere nella nostra palestra un personaggio simile \u00e8 motivo di grande orgoglio, che ci spinge in questa nuova avventura. La presenza di tanti giovani pugili, molti dei quali esordienti venerd\u00ec sera, \u00e8 un segnale incoraggiante circa il futuro della nobile arte. Nino Benevenuti potr\u00e0 ancora una volta essere da esempio, sia come sportivo, che come uomo vista la forte esperienza vissuta da giovane e raccontata nel suo libro\u00bb. <\/span><\/p>\n<p>&nbsp;<\/p>\n<p>&nbsp;<\/p>\n<p align=\"JUSTIFY\">\n<div class=\"radio-posizionamento-telefono-in-articoli-dopo-il-contenuto-articolo radio-entity-placement\" id=\"radio-917736514\"><div id=\"radio-443992521\"><a href=\"https:\/\/grupporedi.it\/\" aria-label=\"Redi-Qr\"><img loading=\"lazy\" decoding=\"async\" src=\"https:\/\/www.radioluna.it\/news\/wp-content\/uploads\/2026\/03\/Redi-Qr.jpg\" alt=\"\"  srcset=\"https:\/\/www.radioluna.it\/news\/wp-content\/uploads\/2026\/03\/Redi-Qr.jpg 800w, https:\/\/www.radioluna.it\/news\/wp-content\/uploads\/2026\/03\/Redi-Qr-768x639.jpg 768w\" sizes=\"(max-width: 800px) 100vw, 800px\" width=\"300\" height=\"250\"   \/><\/a><\/div><\/div>","protected":false},"excerpt":{"rendered":"<p>LATINA &#8211;\u00a0E\u2019 un menu ricco di impegni quello della Boxe Latina. Dopo il titolo regionale junior, Angelo Marchetto \u00e8 gi\u00e0 a Cuneo per i campionati italiani, mentre qui a Latina saranno addirittura quattro i pugili a dover salire sul ring, venerd\u00ec 25 ottobre per una riunione organizzata dalla Parisi Boxe (in via Monti Lepini al [&hellip;]<\/p>\n","protected":false},"author":62,"featured_media":142650,"comment_status":"open","ping_status":"closed","sticky":false,"template":"","format":"standard","meta":{"footnotes":""},"categories":[17],"tags":[],"class_list":["post-142645","post","type-post","status-publish","format-standard","has-post-thumbnail","hentry","category-sport"],"_links":{"self":[{"href":"https:\/\/www.radioluna.it\/news\/wp-json\/wp\/v2\/posts\/142645","targetHints":{"allow":["GET"]}}],"collection":[{"href":"https:\/\/www.radioluna.it\/news\/wp-json\/wp\/v2\/posts"}],"about":[{"href":"https:\/\/www.radioluna.it\/news\/wp-json\/wp\/v2\/types\/post"}],"author":[{"embeddable":true,"href":"https:\/\/www.radioluna.it\/news\/wp-json\/wp\/v2\/users\/62"}],"replies":[{"embeddable":true,"href":"https:\/\/www.radioluna.it\/news\/wp-json\/wp\/v2\/comments?post=142645"}],"version-history":[{"count":0,"href":"https:\/\/www.radioluna.it\/news\/wp-json\/wp\/v2\/posts\/142645\/revisions"}],"wp:featuredmedia":[{"embeddable":true,"href":"https:\/\/www.radioluna.it\/news\/wp-json\/wp\/v2\/media\/142650"}],"wp:attachment":[{"href":"https:\/\/www.radioluna.it\/news\/wp-json\/wp\/v2\/media?parent=142645"}],"wp:term":[{"taxonomy":"category","embeddable":true,"href":"https:\/\/www.radioluna.it\/news\/wp-json\/wp\/v2\/categories?post=142645"},{"taxonomy":"post_tag","embeddable":true,"href":"https:\/\/www.radioluna.it\/news\/wp-json\/wp\/v2\/tags?post=142645"}],"curies":[{"name":"wp","href":"https:\/\/api.w.org\/{rel}","templated":true}]}}