{"id":142651,"date":"2013-10-23T12:27:13","date_gmt":"2013-10-23T10:27:13","guid":{"rendered":"http:\/\/www.radioluna.it\/news\/?p=142651"},"modified":"2013-10-24T09:24:07","modified_gmt":"2013-10-24T07:24:07","slug":"andreoli-presenta-la-squadra-madrina-elena-santarelli","status":"publish","type":"post","link":"https:\/\/www.radioluna.it\/news\/2013\/10\/andreoli-presenta-la-squadra-madrina-elena-santarelli\/","title":{"rendered":"ANDREOLI PRESENTA LA SQUADRA<BR> Madrina Elena Santarelli"},"content":{"rendered":"<div id=\"fb-root\"><\/div>\n<div id=\"attachment_142652\" style=\"width: 309px\" class=\"wp-caption alignleft\"><a href=\"http:\/\/www.radioluna.it\/news\/wp-content\/uploads\/2013\/10\/elena-santarelli.jpg\"><img loading=\"lazy\" decoding=\"async\" aria-describedby=\"caption-attachment-142652\" class=\"size-full wp-image-142652\" alt=\"Elena Santarelli (calendario Max) madrina della serata\" src=\"http:\/\/www.radioluna.it\/news\/wp-content\/uploads\/2013\/10\/elena-santarelli.jpg\" width=\"299\" height=\"286\" \/><\/a><p id=\"caption-attachment-142652\" class=\"wp-caption-text\">Elena Santarelli (calendario Max) madrina della serata<\/p><\/div>\n<p style=\"text-align: justify;\">LATINA &#8211; Mercoled\u00ec 23 ottobre alle 18 presso il \u201cClub 42\u201d in via Don Torello 112 a Latina, si terr\u00e0 la presentazione ufficiale dell\u2019Andreoli Latina. Saranno Lorenzo Dallari ed Elena Santarelli a presentare la serata. Dallari, vice direttore di Sky Sport e voce di tante telecronache della pallavolo di alto livello \u00e8 al terzo anno nella serata di apertura. Per la Santarelli invece \u00e8 una novit\u00e0 assoluta che la fa diventare la madrina del squadra.<\/p>\n","protected":false},"excerpt":{"rendered":"<p>LATINA &#8211; Mercoled\u00ec 23 ottobre alle 18 presso il \u201cClub 42\u201d in via Don Torello 112 a Latina, si terr\u00e0 la presentazione ufficiale dell\u2019Andreoli Latina. Saranno Lorenzo Dallari ed Elena Santarelli a presentare la serata. Dallari, vice direttore di Sky Sport e voce di tante telecronache della pallavolo di alto livello \u00e8 al terzo anno [&hellip;]<\/p>\n","protected":false},"author":62,"featured_media":142653,"comment_status":"open","ping_status":"closed","sticky":false,"template":"","format":"standard","meta":{"footnotes":""},"categories":[17],"tags":[],"class_list":["post-142651","post","type-post","status-publish","format-standard","has-post-thumbnail","hentry","category-sport"],"_links":{"self":[{"href":"https:\/\/www.radioluna.it\/news\/wp-json\/wp\/v2\/posts\/142651","targetHints":{"allow":["GET"]}}],"collection":[{"href":"https:\/\/www.radioluna.it\/news\/wp-json\/wp\/v2\/posts"}],"about":[{"href":"https:\/\/www.radioluna.it\/news\/wp-json\/wp\/v2\/types\/post"}],"author":[{"embeddable":true,"href":"https:\/\/www.radioluna.it\/news\/wp-json\/wp\/v2\/users\/62"}],"replies":[{"embeddable":true,"href":"https:\/\/www.radioluna.it\/news\/wp-json\/wp\/v2\/comments?post=142651"}],"version-history":[{"count":0,"href":"https:\/\/www.radioluna.it\/news\/wp-json\/wp\/v2\/posts\/142651\/revisions"}],"wp:featuredmedia":[{"embeddable":true,"href":"https:\/\/www.radioluna.it\/news\/wp-json\/wp\/v2\/media\/142653"}],"wp:attachment":[{"href":"https:\/\/www.radioluna.it\/news\/wp-json\/wp\/v2\/media?parent=142651"}],"wp:term":[{"taxonomy":"category","embeddable":true,"href":"https:\/\/www.radioluna.it\/news\/wp-json\/wp\/v2\/categories?post=142651"},{"taxonomy":"post_tag","embeddable":true,"href":"https:\/\/www.radioluna.it\/news\/wp-json\/wp\/v2\/tags?post=142651"}],"curies":[{"name":"wp","href":"https:\/\/api.w.org\/{rel}","templated":true}]}}