{"id":142778,"date":"2013-10-26T09:18:32","date_gmt":"2013-10-26T07:18:32","guid":{"rendered":"http:\/\/www.radioluna.it\/news\/?p=142778"},"modified":"2013-10-26T09:46:09","modified_gmt":"2013-10-26T07:46:09","slug":"concorso-per-autisti-alla-cotral-martedi-il-bando-sul-burl","status":"publish","type":"post","link":"https:\/\/www.radioluna.it\/news\/2013\/10\/concorso-per-autisti-alla-cotral-martedi-il-bando-sul-burl\/","title":{"rendered":"CONCORSO PER AUTISTI COTRAL<BR> Marted\u00ec il bando sul Burl"},"content":{"rendered":"<div id=\"fb-root\"><\/div>\n<div id=\"attachment_22206\" style=\"width: 360px\" class=\"wp-caption alignleft\"><a href=\"http:\/\/www.radioluna.it\/news\/wp-content\/uploads\/2010\/10\/cotral.jpg\"><img loading=\"lazy\" decoding=\"async\" aria-describedby=\"caption-attachment-22206\" class=\" wp-image-22206 \" alt=\"Bus Cotral\" src=\"http:\/\/www.radioluna.it\/news\/wp-content\/uploads\/2010\/10\/cotral.jpg\" width=\"350\" height=\"263\" srcset=\"https:\/\/www.radioluna.it\/news\/wp-content\/uploads\/2010\/10\/cotral.jpg 500w, https:\/\/www.radioluna.it\/news\/wp-content\/uploads\/2010\/10\/cotral-300x225.jpg 300w\" sizes=\"auto, (max-width: 350px) 100vw, 350px\" \/><\/a><p id=\"caption-attachment-22206\" class=\"wp-caption-text\">Bus Cotral<\/p><\/div>\n<p style=\"text-align: justify;\">LATINA &#8211; Cotral Spa comunica che marted\u00ec 29 ottobre 2013 &#8211; con la pubblicazione dell&#8217;avviso sul Bollettino ufficiale della Regione Lazio n. 89 e sui quotidiani nazionali &#8220;Il Corriere della Sera&#8221;, &#8220;Il Messaggero&#8221; e &#8220;Il Tempo&#8221; &#8211; dar\u00e0 il via al bando di selezione per la formazione di nove graduatorie, valide per tre anni dalla loro pubblicazione, per l&#8217;assunzione a tempo indeterminato di personale con qualifica di operatore di esercizio. La domanda di partecipazione alla selezione dovr\u00e0 essere inviata esclusivamente tramite procedura web mediante la compilazione dell&#8217;apposito format disponibile sul sito aziendale <a href=\"http:\/\/www.cotralspa.it\/\">http:\/\/www.cotralspa.it<\/a> oppure, per l&#8217;accesso diretto, all&#8217;indirizzo\u00a0<a href=\"https:\/\/selezione.cotralspa.it\/selezione\">https:\/\/selezione.cotralspa.it\/selezione<\/a>. Tale procedura sar\u00e0 attiva dalle ore 12 di mercoled\u00ec 30 ottobre 2013 alle ore 12 di luned\u00ec 18 novembre 2013. Cotral Spa precisa che possono partecipare alla selezione candidati di ambo sesso in possesso, alla data di pubblicazione del bando, dei seguenti requisiti: licenza di scuola media inferiore; patente di guida tipo D o DE e Carta di Qualificazione del Conducente (CQC); possesso dei requisiti psicofisici ed attitudinali per lo svolgimento delle mansioni di conducente di linea; non aver maturato i 40 anni alla data di pubblicazione del bando; non aver superato i 45 anni alla data di pubblicazione del bando, limite riservato esclusivamente ai lavoratori che risultano, alla stessa data, iscritti alle liste di mobilit\u00e0.<\/p>\n<p style=\"text-align: justify;\">I candidati potranno presentare domanda, pena l&#8217;esclusione, per uno solo dei bacini individuati (1. Cerveteri, Civitavecchia, Tolfa, Manziana, Montalto; 2. Ronciglione, Civita Castellana, Viterbo, Acquapendente, Valentano, Blera, Bagnoregio, Soriano; 3. Ostia, Roma-Laurentina, Roma-Anagnina, Roma-Saxa Rubra, Ponte Mammolo, Morlupo, San Giuseppe (Grottaferrata); 4. Tivoli, Subiaco, Palombara, Monterotondo, Collegiove; 5. Rieti, Terzone, Amatrice, Borgorose, Poggio Moiano, Poggio Mirteto; 6. Genazzano, Colleferro, Fiuggi, Filettino; 7.<strong> Velletri, Latina, Nettuno, Priverno, Terracina<\/strong>; 8. <strong>Villa S. Lucia (Cassino), Minturno, Gaeta, Pontecorvo<\/strong>; 9. Frosinone, Veroli, Madonna del Piano, Sora) e, per i primi cinque anni di servizio, non potranno chiedere trasferimento ad impianti esterni al bacino per cui hanno fatto domanda. La prova di esame avverr\u00e0, previa presentazione dei requisiti richiesti (patente di guida tipo D o DE e CQC) e contestuale sottoscrizione per autocertificazione della ricevuta rilasciata da sistema dopo la compilazione del format di invio candidatura on line, con prova pratica di guida con autobus aziendale.<\/p>\n<p style=\"text-align: justify;\">&#8220;Siamo riusciti a dare il via alla selezione nei tempi stabiliti &#8211; dichiara il presidente di Cotral Spa, Domenico De Vincenzi &#8211; e con il pieno appoggio della Regione Lazio e delle sigle sindacali. \u00a0Questo bando, inoltre, oltre a rappresentare una opportunit\u00e0 di lavoro in un momento di profonda crisi economica e occupazionale, \u00e8 aperto anche a chi ha superato l&#8217;et\u00e0 canonica di partecipazione ai concorsi pubblici, visto che i partecipanti non devono avere maturato i 40 anni alla data di pubblicazione dell&#8217;avviso. Ma abbiamo fatto molto di pi\u00f9 con quella che io chiamo la &#8220;clausola sociale&#8221; perch\u00e9 potranno partecipare alla selezione gli iscritti alle liste di mobilit\u00e0 che non hanno superato i 45 anni alla pubblicazione del bando. Sono certo che stiamo dando una grande opportunit\u00e0 a una larga fascia di disoccupati. Ma anche una grandissima opportunit\u00e0 all&#8217;Azienda di voltare realmente pagina. Il processo attualmente in atto si \u00e9 sviluppato grazie all&#8217;impegno del presidente Zingaretti e dell&#8217;assessore Civita con la recente ricapitalizzazione dell&#8217;Azienda. L&#8217;accordo con il mondo bancario che ha accordato nuova fiducia a Cotral, l&#8217;ormai imminente esternalizzazione del 10 percento del servizio, l&#8217;acquisto dei nuovi mezzi che saranno disponibili il prossimo anno e l&#8217;assunzione di autisti sono, poi, i passi che segneranno la stabilit\u00e0 e il futuro di questa grande Azienda&#8221;.<\/p>\n","protected":false},"excerpt":{"rendered":"<p>LATINA &#8211; Cotral Spa comunica che marted\u00ec 29 ottobre 2013 &#8211; con la pubblicazione dell&#8217;avviso sul Bollettino ufficiale della Regione Lazio n. 89 e sui quotidiani nazionali &#8220;Il Corriere della Sera&#8221;, &#8220;Il Messaggero&#8221; e &#8220;Il Tempo&#8221; &#8211; dar\u00e0 il via al bando di selezione per la formazione di nove graduatorie, valide per tre anni dalla [&hellip;]<\/p>\n","protected":false},"author":62,"featured_media":22206,"comment_status":"open","ping_status":"closed","sticky":false,"template":"","format":"standard","meta":{"footnotes":""},"categories":[11],"tags":[],"class_list":["post-142778","post","type-post","status-publish","format-standard","has-post-thumbnail","hentry","category-economia"],"_links":{"self":[{"href":"https:\/\/www.radioluna.it\/news\/wp-json\/wp\/v2\/posts\/142778","targetHints":{"allow":["GET"]}}],"collection":[{"href":"https:\/\/www.radioluna.it\/news\/wp-json\/wp\/v2\/posts"}],"about":[{"href":"https:\/\/www.radioluna.it\/news\/wp-json\/wp\/v2\/types\/post"}],"author":[{"embeddable":true,"href":"https:\/\/www.radioluna.it\/news\/wp-json\/wp\/v2\/users\/62"}],"replies":[{"embeddable":true,"href":"https:\/\/www.radioluna.it\/news\/wp-json\/wp\/v2\/comments?post=142778"}],"version-history":[{"count":0,"href":"https:\/\/www.radioluna.it\/news\/wp-json\/wp\/v2\/posts\/142778\/revisions"}],"wp:featuredmedia":[{"embeddable":true,"href":"https:\/\/www.radioluna.it\/news\/wp-json\/wp\/v2\/media\/22206"}],"wp:attachment":[{"href":"https:\/\/www.radioluna.it\/news\/wp-json\/wp\/v2\/media?parent=142778"}],"wp:term":[{"taxonomy":"category","embeddable":true,"href":"https:\/\/www.radioluna.it\/news\/wp-json\/wp\/v2\/categories?post=142778"},{"taxonomy":"post_tag","embeddable":true,"href":"https:\/\/www.radioluna.it\/news\/wp-json\/wp\/v2\/tags?post=142778"}],"curies":[{"name":"wp","href":"https:\/\/api.w.org\/{rel}","templated":true}]}}