{"id":142814,"date":"2013-10-28T09:18:36","date_gmt":"2013-10-28T08:18:36","guid":{"rendered":"http:\/\/www.radioluna.it\/news\/?p=142814"},"modified":"2013-10-28T09:18:36","modified_gmt":"2013-10-28T08:18:36","slug":"basket-il-derby-e-nerazzurro-latina-batte-fondi-al-palavirtus","status":"publish","type":"post","link":"https:\/\/www.radioluna.it\/news\/2013\/10\/basket-il-derby-e-nerazzurro-latina-batte-fondi-al-palavirtus\/","title":{"rendered":"BASKET, IL DERBY E&#8217; NERAZZURRO<BR> Latina batte Fondi al PalaVirtus"},"content":{"rendered":"<div id=\"fb-root\"><\/div>\n<div id=\"attachment_142815\" style=\"width: 310px\" class=\"wp-caption alignleft\"><a href=\"http:\/\/www.radioluna.it\/news\/wp-content\/uploads\/2013\/10\/Marco-Tagliabue1.jpg\"><img loading=\"lazy\" decoding=\"async\" aria-describedby=\"caption-attachment-142815\" class=\"size-medium wp-image-142815\" alt=\"Marco Tagliabue\" src=\"http:\/\/www.radioluna.it\/news\/wp-content\/uploads\/2013\/10\/Marco-Tagliabue1-300x199.jpg\" width=\"300\" height=\"199\" \/><\/a><p id=\"caption-attachment-142815\" class=\"wp-caption-text\">Marco Tagliabue<\/p><\/div>\n<p style=\"text-align: justify;\">LATINA &#8211; Il primo derby pontino della nuova stagione del Basket \u00e8 nerazzurro. Sorride alla Benacquista Assicurazioni il match giocato in casa del Fondi.\u00a0Nel campionato DnB di basket Latina sbanca il PalaVirtus con il punteggio di 48-72 e mantiene primo posto ed imbattibilit\u00e0 stagionale con al quarta vittoria in altrettante gare del girone C<\/p>\n<p style=\"text-align: justify;\">Un derby avvincente e che, al di l\u00e0 del risultato finale piuttosto netto in favore della Benacquista Assicurazioni Latina Basket, \u00e8 stato molto equilibrato fino al terzo quarto. Poi, il break decisivo piazzato dalla formazione nerazzurra, che grazie al blitz sul campo della Virtus Fondi pu\u00f2 festeggiare la quarta vittoria nelle prime quattro giornate del campionato DNB, conservando cos\u00ec la vetta della classifica.<\/p>\n<p style=\"text-align: justify;\">\u201c<i>E\u2019 stato un primo tempo complicato<\/i> \u2013 ha commentato il coach nerazzurro Luigi Garelli al termine del match \u2013 <i>la Virtus Fondi \u00e8 stata brava a chiudere bene l\u2019area. Un gioco che permetteva ai nostri tiratori di prendere delle buone conclusioni con i piedi per terra, ma le percentuali non ci hanno premiato. I loro giocatori pi\u00f9 rappresentativi erano freschi, noi abbiamo commesso anche qualche piccolo errore e cos\u00ec li abbiamo tenuti in partita. Nel corso dell\u2019intervallo ho detto ai ragazzi che stavano facendo le cose giuste, dovevamo solo realizzare. Al rientro in campo le nostre percentuali si sono alzate, Lilliu e Pietrosanto si sono stancati e cos\u00ec siamo riusciti a fare il break nel momento giusto, per poi gestire il vantaggio nel finale\u201d<\/i>.<i><\/i><\/p>\n<p style=\"text-align: justify;\">A dispetto della scorsa gara di campionato, quando la Benacquista Assicurazioni Latina era stata trascinata principalmente da due giocatori, contro il Fondi sono andati a segno ben otto nerazzurri.<i> \u201cOffensivamente <\/i>\u2013 ha continuato coach Luigi Garelli \u2013<i> soprattutto nel primo tempo avevano le polveri un po\u2019 bagnate e cos\u00ec le soluzioni si sono distribuite a macchia di leopardo per tutto il roster. Per questo derby voglio fare un encomio particolare a Squeo, che dal punto di vista difensivo \u00e8 stato un autentico fattore: nel corso della ripresa ha sporcato tantissime parabole, alle quali vanno aggiunte anche alcune stoppate. Se nel corso del primo tempo Fondi riusciva a prendersi facili tiri e a conquistare diversi rimbalzi all\u2019interno della nostra area, nella ripresa ci\u00f2 non \u00e8 stato possibile, con Squeo molto abile sia nelle stoppate che nelle intimidazioni. La sua presenza \u00e8 stata davvero molto importante per tenere la difesa ad un buon livello\u201d<\/i>.<\/p>\n<p style=\"text-align: justify;\">In casa Virtus Oasi di Kufra Fondi a parlare \u00e8 stato il vice coach Matteo Colantuono: \u201c<i>Nei primi due quarti siamo andati oltre i nostri limiti. In casa, spinti dal nostro pubblico, sapevamo che potevamo fare una grande partita. Poi, nel corso della ripresa, abbiamo pagato la stanchezza ed abbiamo subito il break nel momento decisivo. E\u2019 venuto fuori il tasso tecnico di Latina e noi non abbiamo pi\u00f9 trovato le energie per risalire. Il calendario, in questo inizio di stagione, non \u00e8 stato particolarmente benevolo con noi, visto che ci ha subito messo di fronte Rieti e Latina, le due regine di questo campionato. Ora sar\u00e0 importante allenarci bene, concentrarci e provare a sfruttare le prossime occasioni\u201d.<\/i><\/p>\n<p style=\"text-align: justify;\">\u00a0<b>ALLENAMENTI \u2013<\/b> La Benacquista Assicurazioni Latina Basket si gode ora due giorni di riposo. La ripresa degli allenamenti \u00e8 infatti fissata per la giornata di marted\u00ec, quando \u00e8 in programma una doppia seduta, con mattinata in palestra e pomeriggio al PalaBianchini. Inizier\u00e0 cos\u00ec la marcia di avvicinamento alla prossima giornata di campionato, che domenica 3 novembre alle ore 18.00 vedr\u00e0 il quintetto di coach Garelli opposto al Vasto.<\/p>\n<p style=\"text-align: justify;\">\n","protected":false},"excerpt":{"rendered":"<p>LATINA &#8211; Il primo derby pontino della nuova stagione del Basket \u00e8 nerazzurro. Sorride alla Benacquista Assicurazioni il match giocato in casa del Fondi.\u00a0Nel campionato DnB di basket Latina sbanca il PalaVirtus con il punteggio di 48-72 e mantiene primo posto ed imbattibilit\u00e0 stagionale con al quarta vittoria in altrettante gare del girone C Un [&hellip;]<\/p>\n","protected":false},"author":62,"featured_media":142815,"comment_status":"open","ping_status":"closed","sticky":false,"template":"","format":"standard","meta":{"footnotes":""},"categories":[17],"tags":[],"class_list":["post-142814","post","type-post","status-publish","format-standard","has-post-thumbnail","hentry","category-sport"],"_links":{"self":[{"href":"https:\/\/www.radioluna.it\/news\/wp-json\/wp\/v2\/posts\/142814","targetHints":{"allow":["GET"]}}],"collection":[{"href":"https:\/\/www.radioluna.it\/news\/wp-json\/wp\/v2\/posts"}],"about":[{"href":"https:\/\/www.radioluna.it\/news\/wp-json\/wp\/v2\/types\/post"}],"author":[{"embeddable":true,"href":"https:\/\/www.radioluna.it\/news\/wp-json\/wp\/v2\/users\/62"}],"replies":[{"embeddable":true,"href":"https:\/\/www.radioluna.it\/news\/wp-json\/wp\/v2\/comments?post=142814"}],"version-history":[{"count":0,"href":"https:\/\/www.radioluna.it\/news\/wp-json\/wp\/v2\/posts\/142814\/revisions"}],"wp:featuredmedia":[{"embeddable":true,"href":"https:\/\/www.radioluna.it\/news\/wp-json\/wp\/v2\/media\/142815"}],"wp:attachment":[{"href":"https:\/\/www.radioluna.it\/news\/wp-json\/wp\/v2\/media?parent=142814"}],"wp:term":[{"taxonomy":"category","embeddable":true,"href":"https:\/\/www.radioluna.it\/news\/wp-json\/wp\/v2\/categories?post=142814"},{"taxonomy":"post_tag","embeddable":true,"href":"https:\/\/www.radioluna.it\/news\/wp-json\/wp\/v2\/tags?post=142814"}],"curies":[{"name":"wp","href":"https:\/\/api.w.org\/{rel}","templated":true}]}}