{"id":143027,"date":"2013-11-04T12:23:01","date_gmt":"2013-11-04T11:23:01","guid":{"rendered":"http:\/\/www.radioluna.it\/news\/?p=143027"},"modified":"2013-11-04T12:23:01","modified_gmt":"2013-11-04T11:23:01","slug":"latina-con-il-morale-alto-si-allena-in-vista-di-novara","status":"publish","type":"post","link":"https:\/\/www.radioluna.it\/news\/2013\/11\/latina-con-il-morale-alto-si-allena-in-vista-di-novara\/","title":{"rendered":"LATINA CON IL MORALE ALTO<BR> Si allena in vista di Novara"},"content":{"rendered":"<div id=\"fb-root\"><\/div>\n<p style=\"text-align: justify;\"><a href=\"http:\/\/www.radioluna.it\/news\/wp-content\/uploads\/2013\/11\/Riscaldamento-Latina-calcio-pre-partita.jpg\"><img loading=\"lazy\" decoding=\"async\" class=\"alignleft size-medium wp-image-143030\" alt=\"Riscaldamento Latina calcio pre partita\" src=\"http:\/\/www.radioluna.it\/news\/wp-content\/uploads\/2013\/11\/Riscaldamento-Latina-calcio-pre-partita-300x200.jpg\" width=\"300\" height=\"200\" srcset=\"https:\/\/www.radioluna.it\/news\/wp-content\/uploads\/2013\/11\/Riscaldamento-Latina-calcio-pre-partita-300x200.jpg 300w, https:\/\/www.radioluna.it\/news\/wp-content\/uploads\/2013\/11\/Riscaldamento-Latina-calcio-pre-partita-500x333.jpg 500w, https:\/\/www.radioluna.it\/news\/wp-content\/uploads\/2013\/11\/Riscaldamento-Latina-calcio-pre-partita-600x400.jpg 600w, https:\/\/www.radioluna.it\/news\/wp-content\/uploads\/2013\/11\/Riscaldamento-Latina-calcio-pre-partita.jpg 750w\" sizes=\"auto, (max-width: 300px) 100vw, 300px\" \/><\/a>LATINA &#8211; Gasati per la vittoria di venerd\u00ec, i nerazzurri tornano ad allenarsi alla ex Fulgorcavi. Il morale \u00e8 alto fra i ragazzi di Mister Breda che sembrano aver trovato l&#8217;energia e l&#8217;intesa giuste.\u00a0In vista della sfida in programma sabato 9 novembre (ore 15) in casa del Novara, gara valida per la 13esima giornata di campionato, il Latina si ritrover\u00e0 \u00a0alle 15 per dare avvio al programma di lavoro settimanale che prevede oltre alla seduta odierna, marted\u00ec 5 novembre, una doppia seduta (mattina alle 10.30 e pomeriggio alle 15); mercoled\u00ec, seduta pomeridiana (ore 15); gioved\u00ec allenamento mattutino (inizio alle 10.30), mentre la rifinitura di venerd\u00ec comincer\u00e0 alle ore 10. Gli allenamenti di gioved\u00ec e venerd\u00ec saranno svolti a porte chiuse. Tutte le sedute settimanali andranno in scena sul campo dell&#8217;Ex Fulgorcavi. La squadra partir\u00e0 per Novara venerd\u00ec (ore 14) dallo stadio Francioni.<\/p>\n<p>&nbsp;<\/p>\n<p>&nbsp;<\/p>\n<p>&nbsp;<\/p>\n<p>&nbsp;<\/p>\n<p>&nbsp;<\/p>\n<p>&nbsp;<\/p>\n<p>&nbsp;<\/p>\n<p>&nbsp;<\/p>\n","protected":false},"excerpt":{"rendered":"<p>LATINA &#8211; Gasati per la vittoria di venerd\u00ec, i nerazzurri tornano ad allenarsi alla ex Fulgorcavi. Il morale \u00e8 alto fra i ragazzi di Mister Breda che sembrano aver trovato l&#8217;energia e l&#8217;intesa giuste.\u00a0In vista della sfida in programma sabato 9 novembre (ore 15) in casa del Novara, gara valida per la 13esima giornata di [&hellip;]<\/p>\n","protected":false},"author":62,"featured_media":143030,"comment_status":"open","ping_status":"closed","sticky":false,"template":"","format":"standard","meta":{"footnotes":""},"categories":[17],"tags":[],"class_list":["post-143027","post","type-post","status-publish","format-standard","has-post-thumbnail","hentry","category-sport"],"_links":{"self":[{"href":"https:\/\/www.radioluna.it\/news\/wp-json\/wp\/v2\/posts\/143027","targetHints":{"allow":["GET"]}}],"collection":[{"href":"https:\/\/www.radioluna.it\/news\/wp-json\/wp\/v2\/posts"}],"about":[{"href":"https:\/\/www.radioluna.it\/news\/wp-json\/wp\/v2\/types\/post"}],"author":[{"embeddable":true,"href":"https:\/\/www.radioluna.it\/news\/wp-json\/wp\/v2\/users\/62"}],"replies":[{"embeddable":true,"href":"https:\/\/www.radioluna.it\/news\/wp-json\/wp\/v2\/comments?post=143027"}],"version-history":[{"count":0,"href":"https:\/\/www.radioluna.it\/news\/wp-json\/wp\/v2\/posts\/143027\/revisions"}],"wp:featuredmedia":[{"embeddable":true,"href":"https:\/\/www.radioluna.it\/news\/wp-json\/wp\/v2\/media\/143030"}],"wp:attachment":[{"href":"https:\/\/www.radioluna.it\/news\/wp-json\/wp\/v2\/media?parent=143027"}],"wp:term":[{"taxonomy":"category","embeddable":true,"href":"https:\/\/www.radioluna.it\/news\/wp-json\/wp\/v2\/categories?post=143027"},{"taxonomy":"post_tag","embeddable":true,"href":"https:\/\/www.radioluna.it\/news\/wp-json\/wp\/v2\/tags?post=143027"}],"curies":[{"name":"wp","href":"https:\/\/api.w.org\/{rel}","templated":true}]}}