{"id":143052,"date":"2013-11-05T08:57:17","date_gmt":"2013-11-05T07:57:17","guid":{"rendered":"http:\/\/www.radioluna.it\/news\/?p=143052"},"modified":"2013-11-05T08:57:17","modified_gmt":"2013-11-05T07:57:17","slug":"una-donna-nello-staff-rari-nantes-il-preparatore-della2-e-desiree-de-santis","status":"publish","type":"post","link":"https:\/\/www.radioluna.it\/news\/2013\/11\/una-donna-nello-staff-rari-nantes-il-preparatore-della2-e-desiree-de-santis\/","title":{"rendered":"UNA DONNA NELLO STAFF RARI NANTES<BR> Il preparatore dell&#8217;A2 \u00e8 Desiree De Santis"},"content":{"rendered":"<div id=\"fb-root\"><\/div>\n<div id=\"attachment_143053\" style=\"width: 234px\" class=\"wp-caption alignleft\"><a href=\"http:\/\/www.radioluna.it\/news\/wp-content\/uploads\/2013\/11\/Desiree_De_Sanctis_-_Versione_2.jpg\"><img loading=\"lazy\" decoding=\"async\" aria-describedby=\"caption-attachment-143053\" class=\"size-medium wp-image-143053\" alt=\"Desiree de Santis\" src=\"http:\/\/www.radioluna.it\/news\/wp-content\/uploads\/2013\/11\/Desiree_De_Sanctis_-_Versione_2-224x300.jpg\" width=\"224\" height=\"300\" \/><\/a><p id=\"caption-attachment-143053\" class=\"wp-caption-text\">Desiree De Santis<\/p><\/div>\n<p style=\"text-align: justify;\">LATINA &#8211; E&#8217; una donna il preparatore atletico della Rari Nantes Latina. Dopo circa due mesi di duro lavoro la societ\u00e0 presenta Desir\u00e9e De Santis che, dopo due anni trascorsi alla Vis Nova Roma come preparatore atletico delle formazioni Under 17 e 15, nonch\u00e9 aiuto per la serie A2, ha accettato la proposta \u00a0della societ\u00e0 presieduta da Stefano Pistoia, in vista dell&#8217;imminente campionato di serie A2. Laureata in Scienze Motorie e in Scienze e Tecniche dello Sport, Desir\u00e9e De Santis \u00e8 il volto nuovo all&#8217;interno della Rari Nantes Latina. Una donna, in mezzo a tanti uomini.<\/p>\n<p style=\"text-align: justify;\">\u201cS\u00ec, \u00e8 vero e capisco anche la domanda, peraltro ricorrente, che mi viene fatta. Ho la fortuna, per\u00f2, di lavorare con dei professionisti seri, con dei ragazzi che mi seguono, che hanno voglia di lavorare. In questi due mesi ho capito una cosa importante: sono finita in una societ\u00e0 che ha veramente tanta voglia di fare e di crescere ed io con loro. Anche perch\u00e8, questa, \u00e8 la prima vera esperienza con una prima squadra, pronta a disputare un campionato importante come quello di serie A2\u201d.<\/p>\n<p style=\"text-align: justify;\">Due giorni a settimana a Latina, ma sempre in stretto contatto con il tecnico Tofani e con il responabile del settore giovanile, Vuckovic. \u201cCi sentiamo costantemente \u2013 ha spiegato la stessa De Santis \u2013 Lavoriamo in sinergia per il bene della squadra, per il bene di un movimento, quello della Rari Nantes Latina, che ha tanta voglia di fare, ripeto, ma soprattutto di crescere\u201d. Normale e, forse, scontato chiedere, dopo due mesi di lavoro, come sta questa prima squadra che fra un mese, il prossimo 7 dicembre, far\u00e0 il suo esordio in campionato a Bologna. \u201cE&#8217; stanca al punto giusto e nella maniera migliore \u2013 ha spiegato la stessa De Santis \u2013 Non \u00e8 certo adesso che deve stare bene e al top, ma quando inizier\u00e0 il campionato. Come ho avuto modo di dire prima, i ragazzi si impegnano a fondo, mi seguono, hanno molto rispetto di loro stessi e di quello che \u00e8 il lavoro che stiamo portando avanti. Io sono davvero molto contenta di lavorare in questo ambiente e stimolata al punto giusto per cercare, davvero, di fare un ottimo lavoro. I presupposti perch\u00e9 si possano ottenere dei buoni risultati, ci sono davvero tutti\u201d.<\/p>\n","protected":false},"excerpt":{"rendered":"<p>LATINA &#8211; E&#8217; una donna il preparatore atletico della Rari Nantes Latina. Dopo circa due mesi di duro lavoro la societ\u00e0 presenta Desir\u00e9e De Santis che, dopo due anni trascorsi alla Vis Nova Roma come preparatore atletico delle formazioni Under 17 e 15, nonch\u00e9 aiuto per la serie A2, ha accettato la proposta \u00a0della societ\u00e0 [&hellip;]<\/p>\n","protected":false},"author":62,"featured_media":143053,"comment_status":"open","ping_status":"closed","sticky":false,"template":"","format":"standard","meta":{"footnotes":""},"categories":[17],"tags":[],"class_list":["post-143052","post","type-post","status-publish","format-standard","has-post-thumbnail","hentry","category-sport"],"_links":{"self":[{"href":"https:\/\/www.radioluna.it\/news\/wp-json\/wp\/v2\/posts\/143052","targetHints":{"allow":["GET"]}}],"collection":[{"href":"https:\/\/www.radioluna.it\/news\/wp-json\/wp\/v2\/posts"}],"about":[{"href":"https:\/\/www.radioluna.it\/news\/wp-json\/wp\/v2\/types\/post"}],"author":[{"embeddable":true,"href":"https:\/\/www.radioluna.it\/news\/wp-json\/wp\/v2\/users\/62"}],"replies":[{"embeddable":true,"href":"https:\/\/www.radioluna.it\/news\/wp-json\/wp\/v2\/comments?post=143052"}],"version-history":[{"count":0,"href":"https:\/\/www.radioluna.it\/news\/wp-json\/wp\/v2\/posts\/143052\/revisions"}],"wp:featuredmedia":[{"embeddable":true,"href":"https:\/\/www.radioluna.it\/news\/wp-json\/wp\/v2\/media\/143053"}],"wp:attachment":[{"href":"https:\/\/www.radioluna.it\/news\/wp-json\/wp\/v2\/media?parent=143052"}],"wp:term":[{"taxonomy":"category","embeddable":true,"href":"https:\/\/www.radioluna.it\/news\/wp-json\/wp\/v2\/categories?post=143052"},{"taxonomy":"post_tag","embeddable":true,"href":"https:\/\/www.radioluna.it\/news\/wp-json\/wp\/v2\/tags?post=143052"}],"curies":[{"name":"wp","href":"https:\/\/api.w.org\/{rel}","templated":true}]}}