{"id":143059,"date":"2013-11-05T11:09:45","date_gmt":"2013-11-05T10:09:45","guid":{"rendered":"http:\/\/www.radioluna.it\/news\/?p=143059"},"modified":"2013-11-05T11:09:45","modified_gmt":"2013-11-05T10:09:45","slug":"nuovi-modelli-di-urbanistica-seminario-allordine-degli-ingegneri","status":"publish","type":"post","link":"https:\/\/www.radioluna.it\/news\/2013\/11\/nuovi-modelli-di-urbanistica-seminario-allordine-degli-ingegneri\/","title":{"rendered":"NUOVI MODELLI DI URBANISTICA<BR> Seminario all&#8217;ordine degli ingegneri"},"content":{"rendered":"<div id=\"fb-root\"><\/div>\n<div id=\"attachment_20057\" style=\"width: 309px\" class=\"wp-caption alignleft\"><a href=\"http:\/\/www.radioluna.it\/news\/wp-content\/uploads\/2010\/10\/Ferracci-Fabrizio.jpg\"><img loading=\"lazy\" decoding=\"async\" aria-describedby=\"caption-attachment-20057\" class=\"size-full wp-image-20057\" alt=\"Fabrizio Ferracci, presidente dell'Ordine degli Ingeneri di Latina\" src=\"http:\/\/www.radioluna.it\/news\/wp-content\/uploads\/2010\/10\/Ferracci-Fabrizio.jpg\" width=\"299\" height=\"247\" \/><\/a><p id=\"caption-attachment-20057\" class=\"wp-caption-text\">Fabrizio Ferracci, presidente dell&#8217;Ordine degli Ingeneri di Latina<\/p><\/div>\n<p style=\"text-align: justify;\">LATINA &#8211; Arrivare a nuovi modelli di urbanistica per citt\u00e0 pi\u00f9 vivibili e di gestione del territorio \u00e8 il percorso che sar\u00e0 seguito dal seminario organizzato dall\u2019Ordine degli Ingegneri della Provincia di Latina e dall\u2019Istituto Nazionale di Urbanistica (INU) &#8211; che si terr\u00e0 oggi 5 novembre 2013 alle 16 presso la sede dell\u2019Ordine in piazza Celli 3 a Latina. L\u2019\u2019incontro vedr\u00e0 la partecipazione dell\u2019ingegner Fabrizio Ferracci \u2013 Presidente Ordine degli Ingegneri di Latina, dell\u2019architetto Daniel Modigliani \u2013 Urbanista e Presidente INU Lazio e dell\u2019 ingegner Gianfranco Buttarelli \u2013 Vice Presidente INU Lazio.<br \/>\nL\u2019appuntamento intitolato \u201cda Urban ai contratti di quartiere, progetti integrati per la rigenerazione delle periferie\u201d, curato dall\u2019architetto Mario Spada, coordinatore della Biennale dello Spazio pubblico, tratter\u00e0 tematiche attuali affrontati con approcci innovativi, efficaci , ma da consolidare.<br \/>\nLa deindustrializzazione e la crisi economica hanno favorito il declino urbano, creato \u201cquartieri difficili\u201d caratterizzati da disoccupazione giovanile, degrado, scarsa integrazione dei nuclei immigrati, radicamento di reti illegali. Per questi quartieri i progetti URBAN promossi dalla UE e i Contratti di quartiere promossi dallo Stato Italiano hanno cercato di indicare la via della progettazione integrata.<br \/>\n\u201cIl degrado sociale \u00e8 una patologia purtroppo presente in molti parti delle nostre citt\u00e0 \u2013 spiega Fabrizio Ferracci, Presidente dell\u2019Ordine degli Ingegneri di Latina &#8211; dai centri storici in abbandono, alle sconfinate periferie. I programmi integrati di intervento, offrono reali possibilit\u00e0 di incidenza, ma non sempre riescono ad incidere su tale versante.<br \/>\nLa polifunzionalit\u00e0 delle zone agricole, il cui riconoscimento formale \u00e8 previsto da una recente proposta di legge regionale, modificativa della inapplicata legge regionale sul governo del territorio, costituisce un potenziale di sviluppo, di assoluto valore, specialmente se rapportato alla attuale negativa contingenza economica. Al tempo stesso costituisce una nuova opportunit\u00e0 per la tutela attiva del territorio e dei suoi equilibri ambientali, la possibilit\u00e0 di integrare virtuosamente i sistemi agricoli ed urbani.<br \/>\nL\u2019Ordine degli Ingegneri sta lavorando con l\u2019INU alla definizione del programma del prossimo anno \u2013 sottolinea l\u2019Ing. Buttarelli, \u201cVorremmo conferire allo stesso una specifica valenza formativa e per questo pensiamo ad un \u2018Percorso\u2019 strutturato che esplori tutte le tematiche attuali dell\u2019urbanistica, dalla definizione del quadro delle conoscenze, alle diverse forme di pianificazione, alle pi\u00f9 opportune forme di gestione. Vorremmo coinvolgere esperti in grado di offrire contributi altamente qualificati, ma anche testimonianze di concrete esperienze compiute, il tutto a beneficio delle politiche urbanistiche da attuare nel nostro territorio\u201d.<br \/>\n\u201cVorremmo infine analizzare in modo sistematico e compiuto la condizione della citt\u00e0 di Latina \u2013 conclude Ferracci &#8211; al fine di trattare in uno specifico convegno la individuazione dello strumento da adottare , il pi\u00f9 opportuno per il rilancio della economia del territorio di riferimento\u201d.<\/p>\n","protected":false},"excerpt":{"rendered":"<p>LATINA &#8211; Arrivare a nuovi modelli di urbanistica per citt\u00e0 pi\u00f9 vivibili e di gestione del territorio \u00e8 il percorso che sar\u00e0 seguito dal seminario organizzato dall\u2019Ordine degli Ingegneri della Provincia di Latina e dall\u2019Istituto Nazionale di Urbanistica (INU) &#8211; che si terr\u00e0 oggi 5 novembre 2013 alle 16 presso la sede dell\u2019Ordine in piazza [&hellip;]<\/p>\n","protected":false},"author":60,"featured_media":20057,"comment_status":"open","ping_status":"closed","sticky":false,"template":"","format":"standard","meta":{"footnotes":""},"categories":[11],"tags":[],"class_list":["post-143059","post","type-post","status-publish","format-standard","has-post-thumbnail","hentry","category-economia"],"_links":{"self":[{"href":"https:\/\/www.radioluna.it\/news\/wp-json\/wp\/v2\/posts\/143059","targetHints":{"allow":["GET"]}}],"collection":[{"href":"https:\/\/www.radioluna.it\/news\/wp-json\/wp\/v2\/posts"}],"about":[{"href":"https:\/\/www.radioluna.it\/news\/wp-json\/wp\/v2\/types\/post"}],"author":[{"embeddable":true,"href":"https:\/\/www.radioluna.it\/news\/wp-json\/wp\/v2\/users\/60"}],"replies":[{"embeddable":true,"href":"https:\/\/www.radioluna.it\/news\/wp-json\/wp\/v2\/comments?post=143059"}],"version-history":[{"count":0,"href":"https:\/\/www.radioluna.it\/news\/wp-json\/wp\/v2\/posts\/143059\/revisions"}],"wp:featuredmedia":[{"embeddable":true,"href":"https:\/\/www.radioluna.it\/news\/wp-json\/wp\/v2\/media\/20057"}],"wp:attachment":[{"href":"https:\/\/www.radioluna.it\/news\/wp-json\/wp\/v2\/media?parent=143059"}],"wp:term":[{"taxonomy":"category","embeddable":true,"href":"https:\/\/www.radioluna.it\/news\/wp-json\/wp\/v2\/categories?post=143059"},{"taxonomy":"post_tag","embeddable":true,"href":"https:\/\/www.radioluna.it\/news\/wp-json\/wp\/v2\/tags?post=143059"}],"curies":[{"name":"wp","href":"https:\/\/api.w.org\/{rel}","templated":true}]}}