{"id":143148,"date":"2013-11-07T11:11:57","date_gmt":"2013-11-07T10:11:57","guid":{"rendered":"http:\/\/www.radioluna.it\/news\/?p=143148"},"modified":"2013-12-09T11:13:23","modified_gmt":"2013-12-09T10:13:23","slug":"il-piromane-nella-scorta-di-moro-nerone-ex-poliziotto-scampato-alla-strage-di-via-fani-convalidato-larresto-processo-e-perizia-psichiatrica","status":"publish","type":"post","link":"https:\/\/www.radioluna.it\/news\/2013\/11\/il-piromane-nella-scorta-di-moro-nerone-ex-poliziotto-scampato-alla-strage-di-via-fani-convalidato-larresto-processo-e-perizia-psichiatrica\/","title":{"rendered":"IL PIROMANE ERA NELLA SCORTA DI MORO<br> Nerone, ex poliziotto, scampato alla strage di Via Fani<br> Convalidato l&#8217;arresto: processo e perizia psichiatrica"},"content":{"rendered":"<div id=\"fb-root\"><\/div>\n<div id=\"attachment_143108\" style=\"width: 430px\" class=\"wp-caption alignleft\"><a href=\"http:\/\/www.radioluna.it\/news\/wp-content\/uploads\/2013\/11\/menghi-arresto-pacifici.jpg\"><img loading=\"lazy\" decoding=\"async\" aria-describedby=\"caption-attachment-143108\" class=\" wp-image-143108  \" alt=\"Il dirigente delle Volanti Edoardo Menghi illustra l'operazione appena compiuta\" src=\"http:\/\/www.radioluna.it\/news\/wp-content\/uploads\/2013\/11\/menghi-arresto-pacifici.jpg\" width=\"420\" height=\"315\" srcset=\"https:\/\/www.radioluna.it\/news\/wp-content\/uploads\/2013\/11\/menghi-arresto-pacifici.jpg 1000w, https:\/\/www.radioluna.it\/news\/wp-content\/uploads\/2013\/11\/menghi-arresto-pacifici-768x576.jpg 768w, https:\/\/www.radioluna.it\/news\/wp-content\/uploads\/2013\/11\/menghi-arresto-pacifici-500x375.jpg 500w, https:\/\/www.radioluna.it\/news\/wp-content\/uploads\/2013\/11\/menghi-arresto-pacifici-300x225.jpg 300w, https:\/\/www.radioluna.it\/news\/wp-content\/uploads\/2013\/11\/menghi-arresto-pacifici-800x600.jpg 800w\" sizes=\"auto, (max-width: 420px) 100vw, 420px\" \/><\/a><p id=\"caption-attachment-143108\" class=\"wp-caption-text\">Il dirigente delle Volanti Edoardo Menghi illustra l&#8217;operazione appena compiuta<\/p><\/div>\n<p style=\"text-align: justify;\">LATINA &#8211; Era assegnato alla scorta di Aldo Moro e scamp\u00f2 per puro caso all&#8217;attentato di Via Fani, lasciando il suo posto ad un giovane collega, il piromane arrestato ieri notte a Latina dalla squadra Volante della Polizia.<\/p>\n<p style=\"text-align: justify;\">Maurizio Pacifici, detto Nerone, ha un passato di ex poliziotto che sembra lo abbia segnato profondamente. Per questo ieri, nell&#8217;udienza che si \u00e8 svolta in Tribunale, il giudice ha convalidato l\u2019arresto, ma ha anche \u00a0accolto la richiesta del legale dell\u2019uomo disponendo la perizia psichiatrica. Pacifici, che ha 60 anni, \u00e8 ora detenuto nella Clinica Sorriso sul Mare di Formia.<\/p>\n<p style=\"text-align: justify;\">In aula il piromane torner\u00e0 mercoled\u00ec prossimo per il processo che si svolger\u00e0 con rito abbreviato. Risponder\u00e0 di incendio doloso per i fatti di ieri notte (sette cassonetti \u00a0e due auto bruciate), ma gli investigatori della Questura sono quasi certi che sia lui l&#8217;autore di altri raid incendiari avvenuti nei giorni scorsi in centro citt\u00e0 e vogliono provarlo.<\/p>\n<p style=\"text-align: justify;\">\n","protected":false},"excerpt":{"rendered":"<p>LATINA &#8211; Era assegnato alla scorta di Aldo Moro e scamp\u00f2 per puro caso all&#8217;attentato di Via Fani, lasciando il suo posto ad un giovane collega, il piromane arrestato ieri notte a Latina dalla squadra Volante della Polizia. Maurizio Pacifici, detto Nerone, ha un passato di ex poliziotto che sembra lo abbia segnato profondamente. Per [&hellip;]<\/p>\n","protected":false},"author":62,"featured_media":142774,"comment_status":"open","ping_status":"closed","sticky":false,"template":"","format":"standard","meta":{"footnotes":""},"categories":[7],"tags":[],"class_list":["post-143148","post","type-post","status-publish","format-standard","has-post-thumbnail","hentry","category-cronaca"],"_links":{"self":[{"href":"https:\/\/www.radioluna.it\/news\/wp-json\/wp\/v2\/posts\/143148","targetHints":{"allow":["GET"]}}],"collection":[{"href":"https:\/\/www.radioluna.it\/news\/wp-json\/wp\/v2\/posts"}],"about":[{"href":"https:\/\/www.radioluna.it\/news\/wp-json\/wp\/v2\/types\/post"}],"author":[{"embeddable":true,"href":"https:\/\/www.radioluna.it\/news\/wp-json\/wp\/v2\/users\/62"}],"replies":[{"embeddable":true,"href":"https:\/\/www.radioluna.it\/news\/wp-json\/wp\/v2\/comments?post=143148"}],"version-history":[{"count":0,"href":"https:\/\/www.radioluna.it\/news\/wp-json\/wp\/v2\/posts\/143148\/revisions"}],"wp:featuredmedia":[{"embeddable":true,"href":"https:\/\/www.radioluna.it\/news\/wp-json\/wp\/v2\/media\/142774"}],"wp:attachment":[{"href":"https:\/\/www.radioluna.it\/news\/wp-json\/wp\/v2\/media?parent=143148"}],"wp:term":[{"taxonomy":"category","embeddable":true,"href":"https:\/\/www.radioluna.it\/news\/wp-json\/wp\/v2\/categories?post=143148"},{"taxonomy":"post_tag","embeddable":true,"href":"https:\/\/www.radioluna.it\/news\/wp-json\/wp\/v2\/tags?post=143148"}],"curies":[{"name":"wp","href":"https:\/\/api.w.org\/{rel}","templated":true}]}}