{"id":143158,"date":"2013-11-07T13:18:36","date_gmt":"2013-11-07T12:18:36","guid":{"rendered":"http:\/\/www.radioluna.it\/news\/?p=143158"},"modified":"2013-11-07T13:18:36","modified_gmt":"2013-11-07T12:18:36","slug":"balneari-in-agitazione-operatori-in-guerra-con-i-comuni","status":"publish","type":"post","link":"https:\/\/www.radioluna.it\/news\/2013\/11\/balneari-in-agitazione-operatori-in-guerra-con-i-comuni\/","title":{"rendered":"BALNEARI IN AGITAZIONE<BR> Operatori in guerra con i Comuni"},"content":{"rendered":"<div id=\"fb-root\"><\/div>\n<p style=\"text-align: justify;\"><a href=\"http:\/\/www.radioluna.it\/news\/wp-content\/uploads\/2010\/08\/stabilimenti-balneari1.jpg\"><img loading=\"lazy\" decoding=\"async\" class=\"alignleft size-medium wp-image-9783\" alt=\"stabilimenti balneari\" src=\"http:\/\/www.radioluna.it\/news\/wp-content\/uploads\/2010\/08\/stabilimenti-balneari1-300x199.jpg\" width=\"300\" height=\"199\" srcset=\"https:\/\/www.radioluna.it\/news\/wp-content\/uploads\/2010\/08\/stabilimenti-balneari1-300x199.jpg 300w, https:\/\/www.radioluna.it\/news\/wp-content\/uploads\/2010\/08\/stabilimenti-balneari1-768x512.jpg 768w, https:\/\/www.radioluna.it\/news\/wp-content\/uploads\/2010\/08\/stabilimenti-balneari1-500x333.jpg 500w, https:\/\/www.radioluna.it\/news\/wp-content\/uploads\/2010\/08\/stabilimenti-balneari1-600x400.jpg 600w, https:\/\/www.radioluna.it\/news\/wp-content\/uploads\/2010\/08\/stabilimenti-balneari1.jpg 800w\" sizes=\"auto, (max-width: 300px) 100vw, 300px\" \/><\/a>TERRACINA &#8211;\u00a0Si \u00e8 svolta nei giorni scorsi a Terracina alla presenza di oltre 100 operatori balneari provenienti da tutti i Comuni costieri la Assemblea promossa dal SIB \u2013 Fipe e dalla Confcommercio Provinciale di Latina per discutere delle problematiche connesse al nuovo Regolamento Regionale sul Demanio Marittimo, della Tares e soprattutto delle questioni connesse alle Valenze Turistiche ed al rinnovo delle Concessioni Demaniali Marittime, la cui scadenza \u2013 attualmente fissata al 31.12.2020 \u2013 non lascia tranquilli gli attuali titolari.\u00a0Hanno preso parte alla Assemblea numerosi Amministratori Comunali, tra i quali il Sindaco di Terracina, Dott. Nicola Procaccini, il Sindaco di Minturno, Dott. Paolo Graziano, l\u2019Assessore al Turismo di Latina, Dott. Gianluca Di Cocco e l\u2019Assessore al Turismo del Comune di Fondi, Dott. Beniamino Maschietto.<\/p>\n<p style=\"text-align: justify;\">Dopo i saluti del Presidente ASCOM di Terracina, Franco Pezzano e l\u2019introduzione del Presidente Provinciale SIB di Latina, Mario Gangi, hanno preso la parola il Presidente Provinciale FIPE, Italo Di Cocco ed il Presidente Regionale SIB, Fabrizio Fumagalli.\u00a0Quest\u2019ultimo si \u00e8 soffermato su tutte le questioni oggetto di attenzione della Assemblea rassicurando i presenti sulle interlocuzioni in essere con la Regione Lazio per la definizione del nuovo Regolamento Regionale PUA, su cui vi \u00e8 un confronto aperto e si spera di ottenere nuove norme che diano maggiori possibilit\u00e0 di esercitare l\u2019attivit\u00e0 sul demanio marittimo con norme maggiormente semplificate e certe, esempio negativo dell\u2019attuale normativa \u00e8 la gravissima situazione dei Concessionari demaniali dell\u2019Isola di Ponza: &#8220;Un\u2019Amministrazione inadeguata a gestire il Demanio, utilizza una norma arcaica del Codice della Navigazione per far decadere la concessione di 8 imprese, dimenticando che spetta proprio al Comune fare quegli atti amministrativi necessari a superare le piccole difformit\u00e0, tutte da verificare, figlie di anni di cattiva gestione dell\u2019Ufficio Demanio di Ponza. Su questo argomento abbiamo scritto alla Regione per chiedere di \u201caiutare\u201d il Comune di Ponza fornendo il supporto tecnico necessario&#8221;.<\/p>\n<p style=\"text-align: justify;\">&#8220;E cosa dire del Comune di San Felice Circeo che ipotizza di obbligare gli stabilimenti balneari a smontare le loro strutture alla fine di ogni stagione, senza rendersi conto che il costo di questa operazione metterebbe fuori mercato queste imprese, incidendo in modo pesante sull\u2019occupazione, senza alcun vantaggio per alcuno?&#8221;, ha detto Fumagalli che ha poi toccato la problematica delle Valenze Turistiche, che per alcuni Comuni della nostra Provincia &#8211; Sabaudia, S. Felice Circeo, Sperlonga, Ponza e Ventotene \u2013 comporter\u00e0 un aumento del 100% del Canone Concessorio. Purtroppo vi \u00e8 una colpevole disattenzione di queste Amministrazioni Comunali, che sperano in tal modo di avere una maggiore visibilit\u00e0 turistica che invece produrr\u00e0 una nuova stangata su centinaia di imprese balneari e non, che fruiscono a vario titolo del demanio marittimo, con una ricaduta negativa anche sui prezzi dei servizi di spiaggia.<\/p>\n","protected":false},"excerpt":{"rendered":"<p>TERRACINA &#8211;\u00a0Si \u00e8 svolta nei giorni scorsi a Terracina alla presenza di oltre 100 operatori balneari provenienti da tutti i Comuni costieri la Assemblea promossa dal SIB \u2013 Fipe e dalla Confcommercio Provinciale di Latina per discutere delle problematiche connesse al nuovo Regolamento Regionale sul Demanio Marittimo, della Tares e soprattutto delle questioni connesse alle [&hellip;]<\/p>\n","protected":false},"author":60,"featured_media":9783,"comment_status":"open","ping_status":"closed","sticky":false,"template":"","format":"standard","meta":{"footnotes":""},"categories":[11],"tags":[],"class_list":["post-143158","post","type-post","status-publish","format-standard","has-post-thumbnail","hentry","category-economia"],"_links":{"self":[{"href":"https:\/\/www.radioluna.it\/news\/wp-json\/wp\/v2\/posts\/143158","targetHints":{"allow":["GET"]}}],"collection":[{"href":"https:\/\/www.radioluna.it\/news\/wp-json\/wp\/v2\/posts"}],"about":[{"href":"https:\/\/www.radioluna.it\/news\/wp-json\/wp\/v2\/types\/post"}],"author":[{"embeddable":true,"href":"https:\/\/www.radioluna.it\/news\/wp-json\/wp\/v2\/users\/60"}],"replies":[{"embeddable":true,"href":"https:\/\/www.radioluna.it\/news\/wp-json\/wp\/v2\/comments?post=143158"}],"version-history":[{"count":0,"href":"https:\/\/www.radioluna.it\/news\/wp-json\/wp\/v2\/posts\/143158\/revisions"}],"wp:featuredmedia":[{"embeddable":true,"href":"https:\/\/www.radioluna.it\/news\/wp-json\/wp\/v2\/media\/9783"}],"wp:attachment":[{"href":"https:\/\/www.radioluna.it\/news\/wp-json\/wp\/v2\/media?parent=143158"}],"wp:term":[{"taxonomy":"category","embeddable":true,"href":"https:\/\/www.radioluna.it\/news\/wp-json\/wp\/v2\/categories?post=143158"},{"taxonomy":"post_tag","embeddable":true,"href":"https:\/\/www.radioluna.it\/news\/wp-json\/wp\/v2\/tags?post=143158"}],"curies":[{"name":"wp","href":"https:\/\/api.w.org\/{rel}","templated":true}]}}