{"id":143159,"date":"2013-11-07T16:28:44","date_gmt":"2013-11-07T15:28:44","guid":{"rendered":"http:\/\/www.radioluna.it\/news\/?p=143159"},"modified":"2013-11-07T16:28:44","modified_gmt":"2013-11-07T15:28:44","slug":"landreoli-va-a-scuola-visita-dei-campioni-alla-emma-perodi","status":"publish","type":"post","link":"https:\/\/www.radioluna.it\/news\/2013\/11\/landreoli-va-a-scuola-visita-dei-campioni-alla-emma-perodi\/","title":{"rendered":"L&#8217;ANDREOLI VA A SCUOLA<BR> Visita dei campioni alla Emma Perodi"},"content":{"rendered":"<div id=\"fb-root\"><\/div>\n<p style=\"text-align: justify;\"><strong><a href=\"http:\/\/www.radioluna.it\/news\/wp-content\/uploads\/2013\/11\/2+.jpg\"><img loading=\"lazy\" decoding=\"async\" class=\"alignleft size-medium wp-image-143160\" alt=\"2+\" src=\"http:\/\/www.radioluna.it\/news\/wp-content\/uploads\/2013\/11\/2+-300x187.jpg\" width=\"300\" height=\"187\" \/><\/a>LATINA &#8211;<\/strong> Si \u00e8 svolta questa mattina una visita dell\u2019Andreoli Latina alla Scuola dell\u2019Infanzia \u201cEmma Perodi\u201d con l\u2019intento di promuovere l\u2019attivit\u00e0 sportiva tra i pi\u00f9 piccoli. L\u2019Andreoli al completo accompagnata dai tecnici Santilli e Simoni \u00e8 stata ricevuta dalla responsabile del plesso Monica Costi. All\u2019interno della giornata, i ragazzi del Latina hanno intrattenuto i pi\u00f9 piccoli con giochi e attivit\u00e0 dimostrative. Non sono mancate le foto di rito che saranno il soggetto di un calendario che verr\u00e0 sviluppato dalla Ceraldi Condizionatori e Caldaie.<\/p>\n<p style=\"text-align: justify;\">Annalisa Ceraldi, dell\u2019omonima ditta: \u201cAbbiamo pensato a questa iniziativa per legare il nome della squadra a quello dei pi\u00f9 piccoli. Stamperemo un Calendario 2014 e lo distribuiremo all\u2019interno della scuola e al palazzetto\u201d.<\/p>\n<p style=\"text-align: justify;\">Monica Costi, responsabile del plesso: \u201c\u00e8 stata un\u2019idea scaturita da alcuni genitori che hanno i propri figli nella nostra struttura. Questa \u00e8 la prima iniziativa del genere. Fa piacere ospitare dei Campioni dello sport che tengono alto il nome della nostra Citt\u00e0. I bambini ovviamente vivono l\u2019evento come una festa. Si spera di ripeterla nel tempo, con lo scopo di avvicinare i bambini all\u2019attivit\u00e0 motoria\u201d.<\/p>\n<p style=\"text-align: justify;\">\u00a0L\u2019iniziativa ha colpito nel centro, la testimonianza \u00e8 la fase di una bambina ad un atleta: \u201c\u00e8 stata la pi\u00f9 bella giornata che ho visto\u201d<\/p>\n<p>&nbsp;<\/p>\n","protected":false},"excerpt":{"rendered":"<p>LATINA &#8211; Si \u00e8 svolta questa mattina una visita dell\u2019Andreoli Latina alla Scuola dell\u2019Infanzia \u201cEmma Perodi\u201d con l\u2019intento di promuovere l\u2019attivit\u00e0 sportiva tra i pi\u00f9 piccoli. L\u2019Andreoli al completo accompagnata dai tecnici Santilli e Simoni \u00e8 stata ricevuta dalla responsabile del plesso Monica Costi. All\u2019interno della giornata, i ragazzi del Latina hanno intrattenuto i pi\u00f9 [&hellip;]<\/p>\n","protected":false},"author":60,"featured_media":0,"comment_status":"open","ping_status":"closed","sticky":false,"template":"","format":"standard","meta":{"footnotes":""},"categories":[17],"tags":[],"class_list":["post-143159","post","type-post","status-publish","format-standard","hentry","category-sport"],"_links":{"self":[{"href":"https:\/\/www.radioluna.it\/news\/wp-json\/wp\/v2\/posts\/143159","targetHints":{"allow":["GET"]}}],"collection":[{"href":"https:\/\/www.radioluna.it\/news\/wp-json\/wp\/v2\/posts"}],"about":[{"href":"https:\/\/www.radioluna.it\/news\/wp-json\/wp\/v2\/types\/post"}],"author":[{"embeddable":true,"href":"https:\/\/www.radioluna.it\/news\/wp-json\/wp\/v2\/users\/60"}],"replies":[{"embeddable":true,"href":"https:\/\/www.radioluna.it\/news\/wp-json\/wp\/v2\/comments?post=143159"}],"version-history":[{"count":0,"href":"https:\/\/www.radioluna.it\/news\/wp-json\/wp\/v2\/posts\/143159\/revisions"}],"wp:attachment":[{"href":"https:\/\/www.radioluna.it\/news\/wp-json\/wp\/v2\/media?parent=143159"}],"wp:term":[{"taxonomy":"category","embeddable":true,"href":"https:\/\/www.radioluna.it\/news\/wp-json\/wp\/v2\/categories?post=143159"},{"taxonomy":"post_tag","embeddable":true,"href":"https:\/\/www.radioluna.it\/news\/wp-json\/wp\/v2\/tags?post=143159"}],"curies":[{"name":"wp","href":"https:\/\/api.w.org\/{rel}","templated":true}]}}