{"id":143228,"date":"2013-11-09T08:31:49","date_gmt":"2013-11-09T07:31:49","guid":{"rendered":"http:\/\/www.radioluna.it\/news\/?p=143228"},"modified":"2013-11-09T08:33:28","modified_gmt":"2013-11-09T07:33:28","slug":"assemblea-provinciale-del-pd-in-250-eleggono-il-presidente-appuntamento-domenica-al-victoria","status":"publish","type":"post","link":"https:\/\/www.radioluna.it\/news\/2013\/11\/assemblea-provinciale-del-pd-in-250-eleggono-il-presidente-appuntamento-domenica-al-victoria\/","title":{"rendered":"ASSEMBLEA PROVINCIALE DEL PD<BR> In 250 eleggono il presidente<br> Appuntamento domenica al Victoria"},"content":{"rendered":"<div id=\"fb-root\"><\/div>\n<p style=\"text-align: justify;\"><a href=\"http:\/\/www.radioluna.it\/news\/wp-content\/uploads\/2010\/11\/La-Penna1.jpg\"><img loading=\"lazy\" decoding=\"async\" class=\"alignleft size-medium wp-image-34858\" alt=\"La Penna\" src=\"http:\/\/www.radioluna.it\/news\/wp-content\/uploads\/2010\/11\/La-Penna1-300x225.jpg\" width=\"300\" height=\"225\" srcset=\"https:\/\/www.radioluna.it\/news\/wp-content\/uploads\/2010\/11\/La-Penna1-300x225.jpg 300w, https:\/\/www.radioluna.it\/news\/wp-content\/uploads\/2010\/11\/La-Penna1-500x375.jpg 500w, https:\/\/www.radioluna.it\/news\/wp-content\/uploads\/2010\/11\/La-Penna1.jpg 640w\" sizes=\"auto, (max-width: 300px) 100vw, 300px\" \/><\/a>LATINA &#8211;\u00a0Domenica 10 novembre alle ore 9 \u00e8 fissata la prima assemblea provinciale del PD Latina. L&#8217;appuntamento \u00a0\u00e8 al Victoria Palace Hotel dove l&#8217;aria si annuncia frizzante \u00a0dopo le dichiarazioni di\u00a0Alessandro Di Tommaso, secondo piazzato nella corsa alla segreteria provinciale del Partito democratico, che ha espresso forti critiche al nuovo segretario &#8220;incapace di fare sintesi tra le diverse anime del partito, chiamato a dover dar conto a chi ha contribuito alla sua stessa affermazione&#8221;.<\/p>\n<p style=\"text-align: justify;\">L\u2019ordine del giorno prevede: la proclamazione ufficiale dei risultati delle assemblee di circolo e quindi l&#8217;elezione del segretario provinciale del Partito. Poi, il neo segretario Salvatore La Penna guider\u00e0 l\u2019elezione del Presidente e la nomina del tesoriere.<\/p>\n<p style=\"text-align: justify;\">Per quanto riguarda quest\u2019ultima figura l\u2019assemblea lo vota su indicazione del segretario mentre per ci\u00f2 che concerne il Presidente saranno raccolte le candidature in assemblea e verr\u00e0 votato a scrutinio segreto cos\u00ec come previsto dallo statuto nazionale. Risulta eletto chi si aggiudica la maggioranza assoluta dei voti ovvero, nel caso del Pd pontino, \u00a0circa 127 voti. L&#8217;assemblea proseguir\u00e0 quindo con la nomina della direzione provinciale (minimo 60 membri) che rappresenteranno in percentuale le varie anime del partito cos\u00ec come emerse dal congresso. Ultimo punto, \u00e8 la nomina della commissione di garanzia.<\/p>\n<p style=\"text-align: justify;\">A partecipare sono stati chiamati circa 250 dirigenti del PD in tutta la Provincia, di cui 147 eletti nella lista a sostegno di La Penna, 82 nella lista di Di Tommaso e 13 nella lista legata a Fiore.<\/p>\n","protected":false},"excerpt":{"rendered":"<p>LATINA &#8211;\u00a0Domenica 10 novembre alle ore 9 \u00e8 fissata la prima assemblea provinciale del PD Latina. L&#8217;appuntamento \u00a0\u00e8 al Victoria Palace Hotel dove l&#8217;aria si annuncia frizzante \u00a0dopo le dichiarazioni di\u00a0Alessandro Di Tommaso, secondo piazzato nella corsa alla segreteria provinciale del Partito democratico, che ha espresso forti critiche al nuovo segretario &#8220;incapace di fare sintesi [&hellip;]<\/p>\n","protected":false},"author":62,"featured_media":34858,"comment_status":"open","ping_status":"closed","sticky":false,"template":"","format":"standard","meta":{"footnotes":""},"categories":[8],"tags":[],"class_list":["post-143228","post","type-post","status-publish","format-standard","has-post-thumbnail","hentry","category-politica"],"_links":{"self":[{"href":"https:\/\/www.radioluna.it\/news\/wp-json\/wp\/v2\/posts\/143228","targetHints":{"allow":["GET"]}}],"collection":[{"href":"https:\/\/www.radioluna.it\/news\/wp-json\/wp\/v2\/posts"}],"about":[{"href":"https:\/\/www.radioluna.it\/news\/wp-json\/wp\/v2\/types\/post"}],"author":[{"embeddable":true,"href":"https:\/\/www.radioluna.it\/news\/wp-json\/wp\/v2\/users\/62"}],"replies":[{"embeddable":true,"href":"https:\/\/www.radioluna.it\/news\/wp-json\/wp\/v2\/comments?post=143228"}],"version-history":[{"count":0,"href":"https:\/\/www.radioluna.it\/news\/wp-json\/wp\/v2\/posts\/143228\/revisions"}],"wp:featuredmedia":[{"embeddable":true,"href":"https:\/\/www.radioluna.it\/news\/wp-json\/wp\/v2\/media\/34858"}],"wp:attachment":[{"href":"https:\/\/www.radioluna.it\/news\/wp-json\/wp\/v2\/media?parent=143228"}],"wp:term":[{"taxonomy":"category","embeddable":true,"href":"https:\/\/www.radioluna.it\/news\/wp-json\/wp\/v2\/categories?post=143228"},{"taxonomy":"post_tag","embeddable":true,"href":"https:\/\/www.radioluna.it\/news\/wp-json\/wp\/v2\/tags?post=143228"}],"curies":[{"name":"wp","href":"https:\/\/api.w.org\/{rel}","templated":true}]}}