{"id":143235,"date":"2013-11-09T09:43:56","date_gmt":"2013-11-09T08:43:56","guid":{"rendered":"http:\/\/www.radioluna.it\/news\/?p=143235"},"modified":"2013-11-09T09:43:56","modified_gmt":"2013-11-09T08:43:56","slug":"basket-latina-orvieto-al-palabianchini-in-campo-anche-under-15-e-17","status":"publish","type":"post","link":"https:\/\/www.radioluna.it\/news\/2013\/11\/basket-latina-orvieto-al-palabianchini-in-campo-anche-under-15-e-17\/","title":{"rendered":"BASKET, LATINA-ORVIETO AL PALABIANCHINI<BR> iN CAMPO ANCHE UNDER 15 E 17"},"content":{"rendered":"<div id=\"fb-root\"><\/div>\n<p style=\"text-align: justify;\"><a href=\"http:\/\/www.radioluna.it\/news\/wp-content\/uploads\/2013\/08\/Coach_Garelli-e_Benacquista.jpg\"><img loading=\"lazy\" decoding=\"async\" class=\"alignleft size-medium wp-image-139766\" alt=\"Coach_Garelli-e_Benacquista\" src=\"http:\/\/www.radioluna.it\/news\/wp-content\/uploads\/2013\/08\/Coach_Garelli-e_Benacquista-300x199.jpg\" width=\"300\" height=\"199\" \/><\/a>LATINA &#8211;\u00a0Nuovo weekend in compagnia della Benacquista Assicurazioni Latina Basket. Tra sabato e domenica, il sodalizio nerazzurro sar\u00e0 impegnato su pi\u00f9 fronti, tra prima squadra e settore giovanile.<\/p>\n<p style=\"text-align: justify;\">La prima squadra sar\u00e0 \u00a0impegnata domenica alle 18 nel secondo appuntamento consecutivo tra le mura amiche del PalaBianchini. La sesta giornata del girone C del campionato DNB riserva al quintetto di coach Luigi Garelli la sfida all\u2019Orvieto. Una gara da vincere per conservare lo scettro di regina conquistato domenica scorsa.<\/p>\n<p style=\"text-align: justify;\">under 15 &#8211; Il programma domenicale si apre alle ore 11.30 con l\u2019Under 15 d\u2019Eccellenza. I giovani nerazzurri allenati da Marcello Zanda, reduci dal successo casalingo contro Veroli, saranno impegnati sul difficile campo del S. Paolo Ostiense Roma. I capitolini, due vittorie nelle prime tre gare di campionato, rappresentano un difficile ostacolo per i nerazzurri, che tuttavia, con la grinta evidenziata nelle ultime partite, sperano nel prestigioso blitz.<\/p>\n<p style=\"text-align: justify;\">under 17 &#8211; Tutta da vivere la gara che vedr\u00e0 impegnata l\u2019Under 17 d\u2019Eccellenza della Latina Basket, attesa dalla trasferta sul campo dell\u2019Eurobasket Roma. Un match che, classifica alla mano, \u00e8 gi\u00e0 uno scontro al vertice, visto che entrambe le formazioni hanno conquistato sei vittorie in questo inizio di campionato e comandano la classifica con 12 punti all\u2019attivo. La Benacquista Assicurazioni \u00e8 a punteggio pieno, visto che ha gi\u00e0 osservato il suo turno di riposo, a differenza della Virtus Eurobasket Roma che, invece, viaggia con una sconfitta al passivo. La formazione capitolina, tuttavia, \u00e8 un\u2019autentica corazzata, che nelle prime sette gare di campionato ha realizzato ben 554 punti, con un +131 di differenza canestri. \u00a0Gara in programma domenica alle ore 18.30 nell\u2019impianto di Via dell\u2019Arcadia.<\/p>\n<p>&nbsp;<\/p>\n","protected":false},"excerpt":{"rendered":"<p>LATINA &#8211;\u00a0Nuovo weekend in compagnia della Benacquista Assicurazioni Latina Basket. Tra sabato e domenica, il sodalizio nerazzurro sar\u00e0 impegnato su pi\u00f9 fronti, tra prima squadra e settore giovanile. La prima squadra sar\u00e0 \u00a0impegnata domenica alle 18 nel secondo appuntamento consecutivo tra le mura amiche del PalaBianchini. La sesta giornata del girone C del campionato DNB [&hellip;]<\/p>\n","protected":false},"author":62,"featured_media":139766,"comment_status":"open","ping_status":"closed","sticky":false,"template":"","format":"standard","meta":{"footnotes":""},"categories":[17],"tags":[],"class_list":["post-143235","post","type-post","status-publish","format-standard","has-post-thumbnail","hentry","category-sport"],"_links":{"self":[{"href":"https:\/\/www.radioluna.it\/news\/wp-json\/wp\/v2\/posts\/143235","targetHints":{"allow":["GET"]}}],"collection":[{"href":"https:\/\/www.radioluna.it\/news\/wp-json\/wp\/v2\/posts"}],"about":[{"href":"https:\/\/www.radioluna.it\/news\/wp-json\/wp\/v2\/types\/post"}],"author":[{"embeddable":true,"href":"https:\/\/www.radioluna.it\/news\/wp-json\/wp\/v2\/users\/62"}],"replies":[{"embeddable":true,"href":"https:\/\/www.radioluna.it\/news\/wp-json\/wp\/v2\/comments?post=143235"}],"version-history":[{"count":0,"href":"https:\/\/www.radioluna.it\/news\/wp-json\/wp\/v2\/posts\/143235\/revisions"}],"wp:featuredmedia":[{"embeddable":true,"href":"https:\/\/www.radioluna.it\/news\/wp-json\/wp\/v2\/media\/139766"}],"wp:attachment":[{"href":"https:\/\/www.radioluna.it\/news\/wp-json\/wp\/v2\/media?parent=143235"}],"wp:term":[{"taxonomy":"category","embeddable":true,"href":"https:\/\/www.radioluna.it\/news\/wp-json\/wp\/v2\/categories?post=143235"},{"taxonomy":"post_tag","embeddable":true,"href":"https:\/\/www.radioluna.it\/news\/wp-json\/wp\/v2\/tags?post=143235"}],"curies":[{"name":"wp","href":"https:\/\/api.w.org\/{rel}","templated":true}]}}