{"id":143295,"date":"2013-11-11T16:20:19","date_gmt":"2013-11-11T15:20:19","guid":{"rendered":"http:\/\/www.radioluna.it\/news\/?p=143295"},"modified":"2013-11-12T09:18:28","modified_gmt":"2013-11-12T08:18:28","slug":"omicidio-damato-domani-linterrogatorio-di-emiliano-bollini","status":"publish","type":"post","link":"https:\/\/www.radioluna.it\/news\/2013\/11\/omicidio-damato-domani-linterrogatorio-di-emiliano-bollini\/","title":{"rendered":"OMICIDIO D&#8217;AMATO<BR> Oggi l&#8217;interrogatorio di Emiliano Bollini"},"content":{"rendered":"<div id=\"fb-root\"><\/div>\n<div id=\"attachment_143251\" style=\"width: 190px\" class=\"wp-caption alignleft\"><a href=\"http:\/\/www.radioluna.it\/news\/wp-content\/uploads\/2013\/11\/luogodelitto-U43000265702409bhG-U43000905163881XR-180x140@Corriere-Web-Roma.jpg\"><img loading=\"lazy\" decoding=\"async\" aria-describedby=\"caption-attachment-143251\" class=\"size-full wp-image-143251\" alt=\"Foto da Corriere.it\" src=\"http:\/\/www.radioluna.it\/news\/wp-content\/uploads\/2013\/11\/luogodelitto-U43000265702409bhG-U43000905163881XR-180x140@Corriere-Web-Roma.jpg\" width=\"180\" height=\"140\" \/><\/a><p id=\"caption-attachment-143251\" class=\"wp-caption-text\">Foto da Corriere.it<\/p><\/div>\n<p style=\"text-align: justify;\">LATINA- Sar\u00e0 interrogato marted\u00ec mattina nel carcere di Latina, dal giudice Mara Mattioli, l&#8217;uomo di 37 anni che ha ha ucciso a colpi di accetta in una villetta a Sant&#8217;Ilario Ruggero D&#8217;Amato di 55 anni. Emiliano Bollini \u00e8 accusato di omicidio ed \u00e8 stato arrestato subito dopo i fatti \u00e8 stato proprio lui a chiamare la polizia. Il movente dell&#8217;omicidio sarebbe da ricercare in una questione di soldi, domani mattina \u00e8 fissato l&#8217;interrogatorio di convalida dopo il fermo disposto dal pm Marco Giancristofaro.<\/p>\n","protected":false},"excerpt":{"rendered":"<p>LATINA- Sar\u00e0 interrogato marted\u00ec mattina nel carcere di Latina, dal giudice Mara Mattioli, l&#8217;uomo di 37 anni che ha ha ucciso a colpi di accetta in una villetta a Sant&#8217;Ilario Ruggero D&#8217;Amato di 55 anni. Emiliano Bollini \u00e8 accusato di omicidio ed \u00e8 stato arrestato subito dopo i fatti \u00e8 stato proprio lui a chiamare [&hellip;]<\/p>\n","protected":false},"author":60,"featured_media":0,"comment_status":"open","ping_status":"closed","sticky":false,"template":"","format":"standard","meta":{"footnotes":""},"categories":[7],"tags":[],"class_list":["post-143295","post","type-post","status-publish","format-standard","hentry","category-cronaca"],"_links":{"self":[{"href":"https:\/\/www.radioluna.it\/news\/wp-json\/wp\/v2\/posts\/143295","targetHints":{"allow":["GET"]}}],"collection":[{"href":"https:\/\/www.radioluna.it\/news\/wp-json\/wp\/v2\/posts"}],"about":[{"href":"https:\/\/www.radioluna.it\/news\/wp-json\/wp\/v2\/types\/post"}],"author":[{"embeddable":true,"href":"https:\/\/www.radioluna.it\/news\/wp-json\/wp\/v2\/users\/60"}],"replies":[{"embeddable":true,"href":"https:\/\/www.radioluna.it\/news\/wp-json\/wp\/v2\/comments?post=143295"}],"version-history":[{"count":0,"href":"https:\/\/www.radioluna.it\/news\/wp-json\/wp\/v2\/posts\/143295\/revisions"}],"wp:attachment":[{"href":"https:\/\/www.radioluna.it\/news\/wp-json\/wp\/v2\/media?parent=143295"}],"wp:term":[{"taxonomy":"category","embeddable":true,"href":"https:\/\/www.radioluna.it\/news\/wp-json\/wp\/v2\/categories?post=143295"},{"taxonomy":"post_tag","embeddable":true,"href":"https:\/\/www.radioluna.it\/news\/wp-json\/wp\/v2\/tags?post=143295"}],"curies":[{"name":"wp","href":"https:\/\/api.w.org\/{rel}","templated":true}]}}