{"id":143296,"date":"2013-11-11T16:31:44","date_gmt":"2013-11-11T15:31:44","guid":{"rendered":"http:\/\/www.radioluna.it\/news\/?p=143296"},"modified":"2013-11-11T16:31:44","modified_gmt":"2013-11-11T15:31:44","slug":"salvamamme-e-comune-ancora-insieme-per-rispondere-alle-esigenze-di-tante-famiglie","status":"publish","type":"post","link":"https:\/\/www.radioluna.it\/news\/2013\/11\/salvamamme-e-comune-ancora-insieme-per-rispondere-alle-esigenze-di-tante-famiglie\/","title":{"rendered":"SALVAMAMME E COMUNE<BR> Ancora insieme per rispondere alle esigenze di tante famiglie"},"content":{"rendered":"<div id=\"fb-root\"><\/div>\n<div id=\"attachment_110039\" style=\"width: 310px\" class=\"wp-caption alignleft\"><a href=\"http:\/\/www.radioluna.it\/news\/wp-content\/uploads\/2011\/09\/Fanti.jpg\"><img loading=\"lazy\" decoding=\"async\" aria-describedby=\"caption-attachment-110039\" class=\"size-medium wp-image-110039\" alt=\"Patrizia Fanti\" src=\"http:\/\/www.radioluna.it\/news\/wp-content\/uploads\/2011\/09\/Fanti-300x200.jpg\" width=\"300\" height=\"200\" srcset=\"https:\/\/www.radioluna.it\/news\/wp-content\/uploads\/2011\/09\/Fanti-300x200.jpg 300w, https:\/\/www.radioluna.it\/news\/wp-content\/uploads\/2011\/09\/Fanti-500x333.jpg 500w, https:\/\/www.radioluna.it\/news\/wp-content\/uploads\/2011\/09\/Fanti-600x400.jpg 600w, https:\/\/www.radioluna.it\/news\/wp-content\/uploads\/2011\/09\/Fanti.jpg 720w\" sizes=\"auto, (max-width: 300px) 100vw, 300px\" \/><\/a><p id=\"caption-attachment-110039\" class=\"wp-caption-text\">Patrizia Fanti<\/p><\/div>\n<p style=\"text-align: justify;\"><strong>LATINA &#8211;<\/strong> L\u2019Assessorato ai Servizi Sociali del Comune di Latina e Salvamamme ancora insieme \u2013 dichiara l\u2019Assessore ai Servizi Sociali Patrizia FANTI &#8211; presenti sulle necessit\u00e0 primarie di decine di famiglie del nostro territorio che attraversano gravi difficolt\u00e0 economico sociali, organizzano una giornata d\u2019incontro e formazione presso la Parrocchia di S. Maria Goretti. Nella giornata del 16 novembre p.v. dalle 10 alle 17 saranno distribuiti capi di abbigliamento, raccolti durante le giornate dedicate e ove necessario, accuratamente selezionati e rimessi a nuovo con l\u2019impegno determinante degli operatori e dei volontari di Salvamamme. La distribuzione sar\u00e0 effettuata con il generoso supporto della CRI di Latina che ringrazio, nella sede della Parrocchia di S. Maria Goretti, direttamente alle famiglie sulla base delle richieste degli interessati presso i servizi sociali, le parrocchie, le maggiori associazioni.<\/p>\n<p style=\"text-align: justify;\">Inoltre, prosegue l\u2019Assessore Fanti, i volontari del Salvamamme e dell\u2019Associazione Motociclisti Forze dell\u2019Ordine alle 11,00 e alle 15,30 daranno ai cittadini interessati, informazioni sulla prevenzione di incidenti domestici, sicurezza stradale e sulle regole per l\u2019uso corretto dei seggiolini d\u2019auto.<br \/>\nDurante la giornata del 16 si proceder\u00e0 anche alla raccolta di corredini e capi d\u2019abbigliamento per l\u2019infanzia che Salvamamme, con la sua rete di solidariet\u00e0, metter\u00e0 a nuovo e ridistribuir\u00e0 a quelle famiglie che attraversano momenti difficili.<br \/>\nLa giornata di solidariet\u00e0 e formazione \u2013 conclude l\u2019Assessore Patrizia Fanti \u2013 rientra nell\u2019ambito del progetto regionale Salvamamme world realizzato in collaborazione con la Regione Lazio.\u00bb<br \/>\nPer informazioni:<br \/>\nAssessorato ai Servizi Sociali del Comune di Latina 0773 652532<\/p>\n","protected":false},"excerpt":{"rendered":"<p>LATINA &#8211; L\u2019Assessorato ai Servizi Sociali del Comune di Latina e Salvamamme ancora insieme \u2013 dichiara l\u2019Assessore ai Servizi Sociali Patrizia FANTI &#8211; presenti sulle necessit\u00e0 primarie di decine di famiglie del nostro territorio che attraversano gravi difficolt\u00e0 economico sociali, organizzano una giornata d\u2019incontro e formazione presso la Parrocchia di S. Maria Goretti. Nella giornata [&hellip;]<\/p>\n","protected":false},"author":60,"featured_media":110039,"comment_status":"open","ping_status":"closed","sticky":false,"template":"","format":"standard","meta":{"footnotes":""},"categories":[7],"tags":[],"class_list":["post-143296","post","type-post","status-publish","format-standard","has-post-thumbnail","hentry","category-cronaca"],"_links":{"self":[{"href":"https:\/\/www.radioluna.it\/news\/wp-json\/wp\/v2\/posts\/143296","targetHints":{"allow":["GET"]}}],"collection":[{"href":"https:\/\/www.radioluna.it\/news\/wp-json\/wp\/v2\/posts"}],"about":[{"href":"https:\/\/www.radioluna.it\/news\/wp-json\/wp\/v2\/types\/post"}],"author":[{"embeddable":true,"href":"https:\/\/www.radioluna.it\/news\/wp-json\/wp\/v2\/users\/60"}],"replies":[{"embeddable":true,"href":"https:\/\/www.radioluna.it\/news\/wp-json\/wp\/v2\/comments?post=143296"}],"version-history":[{"count":0,"href":"https:\/\/www.radioluna.it\/news\/wp-json\/wp\/v2\/posts\/143296\/revisions"}],"wp:featuredmedia":[{"embeddable":true,"href":"https:\/\/www.radioluna.it\/news\/wp-json\/wp\/v2\/media\/110039"}],"wp:attachment":[{"href":"https:\/\/www.radioluna.it\/news\/wp-json\/wp\/v2\/media?parent=143296"}],"wp:term":[{"taxonomy":"category","embeddable":true,"href":"https:\/\/www.radioluna.it\/news\/wp-json\/wp\/v2\/categories?post=143296"},{"taxonomy":"post_tag","embeddable":true,"href":"https:\/\/www.radioluna.it\/news\/wp-json\/wp\/v2\/tags?post=143296"}],"curies":[{"name":"wp","href":"https:\/\/api.w.org\/{rel}","templated":true}]}}