{"id":143319,"date":"2013-11-12T12:12:15","date_gmt":"2013-11-12T11:12:15","guid":{"rendered":"http:\/\/www.radioluna.it\/news\/?p=143319"},"modified":"2013-11-12T12:13:19","modified_gmt":"2013-11-12T11:13:19","slug":"143319","status":"publish","type":"post","link":"https:\/\/www.radioluna.it\/news\/2013\/11\/143319\/","title":{"rendered":"PICCOLE E MEDIE IMPRESE DAY 2013<Br> Porte aperte da Francia latticini e Desco"},"content":{"rendered":"<div id=\"fb-root\"><\/div>\n<div id=\"attachment_143321\" style=\"width: 310px\" class=\"wp-caption alignleft\"><a href=\"http:\/\/www.radioluna.it\/news\/wp-content\/uploads\/2013\/11\/La-Presidente-Angela-Visca.jpg\"><img loading=\"lazy\" decoding=\"async\" aria-describedby=\"caption-attachment-143321\" class=\"size-medium wp-image-143321\" alt=\"La Presidente Angela Visca\" src=\"http:\/\/www.radioluna.it\/news\/wp-content\/uploads\/2013\/11\/La-Presidente-Angela-Visca-300x249.jpg\" width=\"300\" height=\"249\" \/><\/a><p id=\"caption-attachment-143321\" class=\"wp-caption-text\">Angela Visca presidente della Piccola Industria<\/p><\/div>\n<p style=\"text-align: justify;\">LATINA &#8211;\u00a0Venerd\u00ec 15 novembre si svolger\u00e0 la quarta edizione del PMI DAY, il progetto nato nel 2010 nell\u2019ambito di Confindustria ed organizzato dalla Piccola Industria Nazionale in collaborazione con tutte le Associazioni del territorio con l\u2019obiettivo di valorizzare il ruolo e la forza che la piccola e media impresa esercita nella societ\u00e0 italiana. La quarta \u201cGiornata Nazionale della Piccola e Media Impresa&#8221; coinvolge perci\u00f2 tutte le piccole e medie imprese, e si articola in visite guidate presso le PMI con momenti di approfondimento sul loro ruolo produttivo e sociale.<\/p>\n<p style=\"text-align: justify;\">Nel nostro territorio le aziende protagoniste saranno quest&#8217;anno Francia Latticini e Desco, chiamate ad aprire per un giorno le loro porte agli studenti dell&#8217; Istituto Filangieri di Formia ma anche agli organi di informazione e agli amministratori degli enti locali, e spiegheranno le proprie attivit\u00e0, illustreranno le specifiche competenze e si confronteranno con tutti i visitatori per condividere i valori che appartengono al mondo produttivo.<br \/>\n&#8220;Anche quest&#8217;anno Confindustria Latina aderisce al PMI DAY, questa importante iniziativa \u2013 cos\u00ec Angela Visca, Presidente della Piccola Industria di Confindustria Latina \u2013 in cui credo fortemente. L&#8217;utilit\u00e0 di questa giornata risiede nell&#8217;opportunit\u00e0 di avvicinare due mondi, scuola e impresa. Portando fisicamente i ragazzi in visita presso i siti produttivi delle aziende infatti, i giovani si confrontano con la realt\u00e0 della piccola e media impresa che, \u00e8 bene ricordare, costituisce il 90% del tessuto industriale del nostro territorio. Far conoscere la realt\u00e0 produttiva delle aziende e il loro impegno quotidiano a favore della crescita \u2013 spiega il presidente Visca \u2013 portando i giovani e le comunit\u00e0 locali nei luoghi dove si crea valore economico, occupazione e benessere per tutta la collettivit\u00e0, rappresenta un valore aggiunto per offrire agli studenti stessi strumenti reali per acquisire maggior consapevolezza nella scelta del proprio futuro professionale. Per gli studenti, la partecipazione al PMI DAY \u00e8 una prima importante occasione di contatto con il mondo del lavoro, \u00e8 un modo per cominciare ad immaginare un futuro possibile, magari proprio in una piccola impresa. La Giornata di quest\u2019anno \u2013 conclude \u2013 vuole essere anche l\u2019occasione per promuovere un messaggio di fiducia: le PMI hanno tutte le carte in regola per reagire e battere la crisi e per rilanciare lo sviluppo&#8221;.<\/p>\n<div class=\"radio-posizionamento-telefono-in-articoli-dopo-il-contenuto-articolo radio-entity-placement\" id=\"radio-3738480189\"><div id=\"radio-270704735\"><a href=\"https:\/\/grupporedi.it\/\" aria-label=\"Redi-Qr\"><img loading=\"lazy\" decoding=\"async\" src=\"https:\/\/www.radioluna.it\/news\/wp-content\/uploads\/2026\/03\/Redi-Qr.jpg\" alt=\"\"  srcset=\"https:\/\/www.radioluna.it\/news\/wp-content\/uploads\/2026\/03\/Redi-Qr.jpg 800w, https:\/\/www.radioluna.it\/news\/wp-content\/uploads\/2026\/03\/Redi-Qr-768x639.jpg 768w\" sizes=\"(max-width: 800px) 100vw, 800px\" width=\"300\" height=\"250\"   \/><\/a><\/div><\/div>","protected":false},"excerpt":{"rendered":"<p>LATINA &#8211;\u00a0Venerd\u00ec 15 novembre si svolger\u00e0 la quarta edizione del PMI DAY, il progetto nato nel 2010 nell\u2019ambito di Confindustria ed organizzato dalla Piccola Industria Nazionale in collaborazione con tutte le Associazioni del territorio con l\u2019obiettivo di valorizzare il ruolo e la forza che la piccola e media impresa esercita nella societ\u00e0 italiana. La quarta [&hellip;]<\/p>\n","protected":false},"author":60,"featured_media":143321,"comment_status":"open","ping_status":"closed","sticky":false,"template":"","format":"standard","meta":{"footnotes":""},"categories":[11],"tags":[],"class_list":["post-143319","post","type-post","status-publish","format-standard","has-post-thumbnail","hentry","category-economia"],"_links":{"self":[{"href":"https:\/\/www.radioluna.it\/news\/wp-json\/wp\/v2\/posts\/143319","targetHints":{"allow":["GET"]}}],"collection":[{"href":"https:\/\/www.radioluna.it\/news\/wp-json\/wp\/v2\/posts"}],"about":[{"href":"https:\/\/www.radioluna.it\/news\/wp-json\/wp\/v2\/types\/post"}],"author":[{"embeddable":true,"href":"https:\/\/www.radioluna.it\/news\/wp-json\/wp\/v2\/users\/60"}],"replies":[{"embeddable":true,"href":"https:\/\/www.radioluna.it\/news\/wp-json\/wp\/v2\/comments?post=143319"}],"version-history":[{"count":0,"href":"https:\/\/www.radioluna.it\/news\/wp-json\/wp\/v2\/posts\/143319\/revisions"}],"wp:featuredmedia":[{"embeddable":true,"href":"https:\/\/www.radioluna.it\/news\/wp-json\/wp\/v2\/media\/143321"}],"wp:attachment":[{"href":"https:\/\/www.radioluna.it\/news\/wp-json\/wp\/v2\/media?parent=143319"}],"wp:term":[{"taxonomy":"category","embeddable":true,"href":"https:\/\/www.radioluna.it\/news\/wp-json\/wp\/v2\/categories?post=143319"},{"taxonomy":"post_tag","embeddable":true,"href":"https:\/\/www.radioluna.it\/news\/wp-json\/wp\/v2\/tags?post=143319"}],"curies":[{"name":"wp","href":"https:\/\/api.w.org\/{rel}","templated":true}]}}