{"id":143330,"date":"2013-11-12T16:17:34","date_gmt":"2013-11-12T15:17:34","guid":{"rendered":"http:\/\/www.radioluna.it\/news\/?p=143330"},"modified":"2013-11-12T16:17:34","modified_gmt":"2013-11-12T15:17:34","slug":"servitu-al-montello-cirilli-convoca-un-tavolo-tecnico","status":"publish","type":"post","link":"https:\/\/www.radioluna.it\/news\/2013\/11\/servitu-al-montello-cirilli-convoca-un-tavolo-tecnico\/","title":{"rendered":"SERVITU&#8217; AL MONTELLO<BR> Cirilli convoca un tavolo tecnico"},"content":{"rendered":"<div id=\"fb-root\"><\/div>\n<div id=\"attachment_86205\" style=\"width: 310px\" class=\"wp-caption alignleft\"><a href=\"http:\/\/www.radioluna.it\/news\/wp-content\/uploads\/2011\/03\/Fabrizio-Cirilli.jpg\"><img loading=\"lazy\" decoding=\"async\" aria-describedby=\"caption-attachment-86205\" class=\"size-medium wp-image-86205\" alt=\"Fabrizio Cirilli\" src=\"http:\/\/www.radioluna.it\/news\/wp-content\/uploads\/2011\/03\/Fabrizio-Cirilli-300x247.jpg\" width=\"300\" height=\"247\" srcset=\"https:\/\/www.radioluna.it\/news\/wp-content\/uploads\/2011\/03\/Fabrizio-Cirilli-300x247.jpg 300w, https:\/\/www.radioluna.it\/news\/wp-content\/uploads\/2011\/03\/Fabrizio-Cirilli-768x632.jpg 768w, https:\/\/www.radioluna.it\/news\/wp-content\/uploads\/2011\/03\/Fabrizio-Cirilli-500x412.jpg 500w, https:\/\/www.radioluna.it\/news\/wp-content\/uploads\/2011\/03\/Fabrizio-Cirilli.jpg 776w\" sizes=\"auto, (max-width: 300px) 100vw, 300px\" \/><\/a><p id=\"caption-attachment-86205\" class=\"wp-caption-text\">Fabrizio Cirilli<\/p><\/div>\n<p style=\"text-align: justify;\"><strong>LATINA &#8211;<\/strong> \u201cLa storia di come si sono sviluppate le servit\u00f9 di Borgo Montello insegna che la non conoscenza di ci\u00f2 che accade impedisce spesso di poter sviluppare ragionamenti volti a comprendere le cose da fare e quelle da non fare\u201d.<br \/>\nLo afferma l\u2019assessore all\u2019ambiente e vice sindaco, Fabrizio Cirilli, che aggiunge:<br \/>\n\u201cNel complicato mondo legislativo che ruota intorno al ciclo dei rifiuti \u00e8 acclarato che molto spesso il non fare significa di fatto fare, poich\u00e8 comunque, una volta creatasi un\u2019emergenza, qualcosa deve essere fatta o per vie ordinarie e con provvedimenti commissariali.<br \/>\nEd \u00e8 attraverso questo meccanismo perverso che sul nostro territorio si \u00e8 sviluppata in modo pi\u00f9 o meno incontrollato una servit\u00f9 che rischia di non vedere pi\u00f9 fine. Ed \u00e8 a tal proposito che \u00e8 stata messa in campo la Delibera di Pianificazione Urbanistica volta a perimetrare l&#8217;esistente e variare compensando ci\u00f2 che \u00e8 a ridosso delle servit\u00f9.<br \/>\nAlla luce della situazione legata all&#8217;inquinamento ed alla bonifica in corso del sito di Borgo Montello \u2013 continua Cirilli &#8211; ed alla luce del fatto che ci troviamo da tempo alla vigilia di decisioni da parte della Regione Lazio volte a dover fronteggiare un&#8217;emergenza rifiuti mastodontica quale quella romana che rischia, se trascurata, di coinvolgerci pesantemente, ho convocato per 25 Novembre p.v. il Tavolo Tecnico per la Trasparenza, al fine di prospettare ai soggetti interessati, tecnicamente ed istituzionalmente la situazione legata alla bonifica ed alla attivit\u00e0 degli impianti.<br \/>\nIl Tavolo Tecnico \u00e8 quell&#8217;organismo di trasparenza che venne voluto ed istituito dall&#8217;assessore all&#8217;Ambiente ad aprile 2012 al fine di poter rendere pubblici tutti i passaggi legati agli scavi in S0 alla ricerca dei fusti tossici alla luce delle relazioni dell&#8217;ENEA.<br \/>\nDel Tavolo, istituito e presieduto dal Comune di Latina, fanno parte ARPA Lazio, Amministrazione Provinciale, ASL, Consorzio di Bonifica e Commissione Consiliare Trasparenza e ha lo scopo di poter relazionare tecnicamente e per competenza alla citt\u00e0 e in particolare ai soggetti e alle associazioni interessati al fine di poter chiarire ed evitare equivoci e\/o addirittura speculazioni\u201d.<\/p>\n","protected":false},"excerpt":{"rendered":"<p>LATINA &#8211; \u201cLa storia di come si sono sviluppate le servit\u00f9 di Borgo Montello insegna che la non conoscenza di ci\u00f2 che accade impedisce spesso di poter sviluppare ragionamenti volti a comprendere le cose da fare e quelle da non fare\u201d. Lo afferma l\u2019assessore all\u2019ambiente e vice sindaco, Fabrizio Cirilli, che aggiunge: \u201cNel complicato mondo [&hellip;]<\/p>\n","protected":false},"author":60,"featured_media":86205,"comment_status":"open","ping_status":"closed","sticky":false,"template":"","format":"standard","meta":{"footnotes":""},"categories":[8],"tags":[],"class_list":["post-143330","post","type-post","status-publish","format-standard","has-post-thumbnail","hentry","category-politica"],"_links":{"self":[{"href":"https:\/\/www.radioluna.it\/news\/wp-json\/wp\/v2\/posts\/143330","targetHints":{"allow":["GET"]}}],"collection":[{"href":"https:\/\/www.radioluna.it\/news\/wp-json\/wp\/v2\/posts"}],"about":[{"href":"https:\/\/www.radioluna.it\/news\/wp-json\/wp\/v2\/types\/post"}],"author":[{"embeddable":true,"href":"https:\/\/www.radioluna.it\/news\/wp-json\/wp\/v2\/users\/60"}],"replies":[{"embeddable":true,"href":"https:\/\/www.radioluna.it\/news\/wp-json\/wp\/v2\/comments?post=143330"}],"version-history":[{"count":0,"href":"https:\/\/www.radioluna.it\/news\/wp-json\/wp\/v2\/posts\/143330\/revisions"}],"wp:featuredmedia":[{"embeddable":true,"href":"https:\/\/www.radioluna.it\/news\/wp-json\/wp\/v2\/media\/86205"}],"wp:attachment":[{"href":"https:\/\/www.radioluna.it\/news\/wp-json\/wp\/v2\/media?parent=143330"}],"wp:term":[{"taxonomy":"category","embeddable":true,"href":"https:\/\/www.radioluna.it\/news\/wp-json\/wp\/v2\/categories?post=143330"},{"taxonomy":"post_tag","embeddable":true,"href":"https:\/\/www.radioluna.it\/news\/wp-json\/wp\/v2\/tags?post=143330"}],"curies":[{"name":"wp","href":"https:\/\/api.w.org\/{rel}","templated":true}]}}