{"id":143341,"date":"2013-11-12T17:51:35","date_gmt":"2013-11-12T16:51:35","guid":{"rendered":"http:\/\/www.radioluna.it\/news\/?p=143341"},"modified":"2013-11-12T17:51:35","modified_gmt":"2013-11-12T16:51:35","slug":"omicidio-damato-bollini-resta-in-carcere-ero-esasperato","status":"publish","type":"post","link":"https:\/\/www.radioluna.it\/news\/2013\/11\/omicidio-damato-bollini-resta-in-carcere-ero-esasperato\/","title":{"rendered":"OMICIDIO D&#8217;AMATO<BR> Bollini resta in carcere: &#8220;Ero esasperato&#8221;"},"content":{"rendered":"<div id=\"fb-root\"><\/div>\n<div id=\"attachment_143251\" style=\"width: 190px\" class=\"wp-caption alignleft\"><a href=\"http:\/\/www.radioluna.it\/news\/wp-content\/uploads\/2013\/11\/luogodelitto-U43000265702409bhG-U43000905163881XR-180x140@Corriere-Web-Roma.jpg\"><img loading=\"lazy\" decoding=\"async\" aria-describedby=\"caption-attachment-143251\" class=\"size-full wp-image-143251\" alt=\"Foto da Corriere.it\" src=\"http:\/\/www.radioluna.it\/news\/wp-content\/uploads\/2013\/11\/luogodelitto-U43000265702409bhG-U43000905163881XR-180x140@Corriere-Web-Roma.jpg\" width=\"180\" height=\"140\" \/><\/a><p id=\"caption-attachment-143251\" class=\"wp-caption-text\">Foto da Corriere.it<\/p><\/div>\n<p style=\"text-align: justify;\"><strong>LATINA-<\/strong> Resta in carcere e il gip del Tribunale di Latina Mara Mattioli ha convalidato l&#8217;arresto anche se il delitto \u00e8 maturato in un contesto di grande esasperazione. Si \u00e8 svolto questa mattina l&#8217;interrogatorio di Emiliano Bollini l&#8217;uomo di 37 anni che sabato mattina in localit\u00e0 Sant&#8217;Ilario ha ucciso a colpi di accetta Ruggero D&#8217;Amato. Nel corso dell&#8217;interrogatorio davanti anche al pubblico ministero e dei suoi difensori l&#8217;indagato si \u00e8 riportato alle dichiarazioni rilasciate sabato subito dopo i fatti agli inquirenti e ha ricordato che dalla vittima era esasperato per le continua richieste di denaro. Alla fine il giudice ha emesso un&#8217;ordinanza di custodia cautelare per omicidio volontario.<\/p>\n<p>&nbsp;<\/p>\n","protected":false},"excerpt":{"rendered":"<p>LATINA- Resta in carcere e il gip del Tribunale di Latina Mara Mattioli ha convalidato l&#8217;arresto anche se il delitto \u00e8 maturato in un contesto di grande esasperazione. Si \u00e8 svolto questa mattina l&#8217;interrogatorio di Emiliano Bollini l&#8217;uomo di 37 anni che sabato mattina in localit\u00e0 Sant&#8217;Ilario ha ucciso a colpi di accetta Ruggero D&#8217;Amato. [&hellip;]<\/p>\n","protected":false},"author":60,"featured_media":0,"comment_status":"open","ping_status":"closed","sticky":false,"template":"","format":"standard","meta":{"footnotes":""},"categories":[7],"tags":[],"class_list":["post-143341","post","type-post","status-publish","format-standard","hentry","category-cronaca"],"_links":{"self":[{"href":"https:\/\/www.radioluna.it\/news\/wp-json\/wp\/v2\/posts\/143341","targetHints":{"allow":["GET"]}}],"collection":[{"href":"https:\/\/www.radioluna.it\/news\/wp-json\/wp\/v2\/posts"}],"about":[{"href":"https:\/\/www.radioluna.it\/news\/wp-json\/wp\/v2\/types\/post"}],"author":[{"embeddable":true,"href":"https:\/\/www.radioluna.it\/news\/wp-json\/wp\/v2\/users\/60"}],"replies":[{"embeddable":true,"href":"https:\/\/www.radioluna.it\/news\/wp-json\/wp\/v2\/comments?post=143341"}],"version-history":[{"count":0,"href":"https:\/\/www.radioluna.it\/news\/wp-json\/wp\/v2\/posts\/143341\/revisions"}],"wp:attachment":[{"href":"https:\/\/www.radioluna.it\/news\/wp-json\/wp\/v2\/media?parent=143341"}],"wp:term":[{"taxonomy":"category","embeddable":true,"href":"https:\/\/www.radioluna.it\/news\/wp-json\/wp\/v2\/categories?post=143341"},{"taxonomy":"post_tag","embeddable":true,"href":"https:\/\/www.radioluna.it\/news\/wp-json\/wp\/v2\/tags?post=143341"}],"curies":[{"name":"wp","href":"https:\/\/api.w.org\/{rel}","templated":true}]}}