{"id":143352,"date":"2013-11-13T08:28:14","date_gmt":"2013-11-13T07:28:14","guid":{"rendered":"http:\/\/www.radioluna.it\/news\/?p=143352"},"modified":"2013-11-13T10:56:57","modified_gmt":"2013-11-13T09:56:57","slug":"detenuto-in-guinea-fiaccolata-per-berardi-stasera-il-caso-dellimprenditore-a-chi-lha-visto","status":"publish","type":"post","link":"https:\/\/www.radioluna.it\/news\/2013\/11\/detenuto-in-guinea-fiaccolata-per-berardi-stasera-il-caso-dellimprenditore-a-chi-lha-visto\/","title":{"rendered":"DETENUTO IN GUINEA, FIACCOLATA PER BERARDI<BR> Stasera il caso dell&#8217;imprenditore a Chi l&#8217;ha visto"},"content":{"rendered":"<div id=\"fb-root\"><\/div>\n<div id=\"attachment_143306\" style=\"width: 310px\" class=\"wp-caption alignleft\"><a href=\"http:\/\/www.radioluna.it\/news\/wp-content\/uploads\/2013\/11\/ROBERTO-bERARDI.jpg\"><img loading=\"lazy\" decoding=\"async\" aria-describedby=\"caption-attachment-143306\" class=\"size-medium wp-image-143306\" alt=\"Roberto Berardi \" src=\"http:\/\/www.radioluna.it\/news\/wp-content\/uploads\/2013\/11\/ROBERTO-bERARDI-300x237.jpg\" width=\"300\" height=\"237\" \/><\/a><p id=\"caption-attachment-143306\" class=\"wp-caption-text\">Roberto Berardi<\/p><\/div>\n<p style=\"text-align: justify;\">LATINA &#8211;\u00a0Una fiaccolata a Latina mercoled\u00ec prossimo con partenza da Piazza San Marco percorrendo Corso della Repubblica per arrivare sotto la sede della Prefettura: \u00e8 una delle prossime iniziative messe in campo da familiari e amici di Roberto Berardi per coinvolgere la citt\u00e0 e tenere alta l&#8217;attenzione sul caso dell\u2019imprenditore di Latina detenuto nel carcere di Bata, nella Guinea Equatoriale. Il nutrito gruppo,che si \u00e8 mobilitato (anche su Facebook), ha avuto contatti con la Farnesina che ha promesso il suo interessamento; un incontro \u00e8 stato sollecitato al sindaco di Latina, Giovanni Di Giorgi per chiedere sostegno, mentre stasera il caso sar\u00e0 trattato dalla trasmissione televisiva condotta da Federica Sciarelli \u201cChi l\u2019ha visto\u201d.<\/p>\n<p style=\"text-align: justify;\">&#8220;Non c&#8217;\u00e8 pi\u00f9 tempo&#8221;, dice la mamma di Berardi, Silvana Malafronte. Le condizioni di salute dell\u2019uomo che ha cinquant\u2019anni e vive in prigione da nove mesi in condizioni pessime, sono al limite. A riferirlo \u00e8 stato anche l\u2019ambasciatore del Mali, l\u2019ultimo a vederlo in cella, che poi ha inviato una lettera ai familiari. Dalle notizie pervenute a Latina, \u00a0Berardi \u00e8 denutrito, \u00a0soffre di malaria, \u00e8 prostrato psicologicamente, e avrebbe subito di recente una nuova incursione in cella. La mamma, anche a nome della moglie e dei figli, \u00a0chiede che il Governo Italiano ne ottenga la scarcerazione e lo faccia rientrare in patria.<\/p>\n<p style=\"text-align: justify;\">I guai per l&#8217;imprenditore \u00a0pontino, che si trova in Africa da vent&#8217;anni, sono cominciati quando lui stesso ha denunciato alcuni ammanchi sul conto della societ\u00e0 che gestiva con Theodorine Obiang figlio del dittatore locale. Poi l&#8217;arresto e la condanna al termine di un processo-farsa.<\/p>\n","protected":false},"excerpt":{"rendered":"<p>LATINA &#8211;\u00a0Una fiaccolata a Latina mercoled\u00ec prossimo con partenza da Piazza San Marco percorrendo Corso della Repubblica per arrivare sotto la sede della Prefettura: \u00e8 una delle prossime iniziative messe in campo da familiari e amici di Roberto Berardi per coinvolgere la citt\u00e0 e tenere alta l&#8217;attenzione sul caso dell\u2019imprenditore di Latina detenuto nel carcere [&hellip;]<\/p>\n","protected":false},"author":62,"featured_media":143306,"comment_status":"open","ping_status":"closed","sticky":false,"template":"","format":"standard","meta":{"footnotes":""},"categories":[7],"tags":[],"class_list":["post-143352","post","type-post","status-publish","format-standard","has-post-thumbnail","hentry","category-cronaca"],"_links":{"self":[{"href":"https:\/\/www.radioluna.it\/news\/wp-json\/wp\/v2\/posts\/143352","targetHints":{"allow":["GET"]}}],"collection":[{"href":"https:\/\/www.radioluna.it\/news\/wp-json\/wp\/v2\/posts"}],"about":[{"href":"https:\/\/www.radioluna.it\/news\/wp-json\/wp\/v2\/types\/post"}],"author":[{"embeddable":true,"href":"https:\/\/www.radioluna.it\/news\/wp-json\/wp\/v2\/users\/62"}],"replies":[{"embeddable":true,"href":"https:\/\/www.radioluna.it\/news\/wp-json\/wp\/v2\/comments?post=143352"}],"version-history":[{"count":0,"href":"https:\/\/www.radioluna.it\/news\/wp-json\/wp\/v2\/posts\/143352\/revisions"}],"wp:featuredmedia":[{"embeddable":true,"href":"https:\/\/www.radioluna.it\/news\/wp-json\/wp\/v2\/media\/143306"}],"wp:attachment":[{"href":"https:\/\/www.radioluna.it\/news\/wp-json\/wp\/v2\/media?parent=143352"}],"wp:term":[{"taxonomy":"category","embeddable":true,"href":"https:\/\/www.radioluna.it\/news\/wp-json\/wp\/v2\/categories?post=143352"},{"taxonomy":"post_tag","embeddable":true,"href":"https:\/\/www.radioluna.it\/news\/wp-json\/wp\/v2\/tags?post=143352"}],"curies":[{"name":"wp","href":"https:\/\/api.w.org\/{rel}","templated":true}]}}