{"id":143743,"date":"2013-11-21T12:17:24","date_gmt":"2013-11-21T11:17:24","guid":{"rendered":"http:\/\/www.radioluna.it\/news\/?p=143743"},"modified":"2013-11-21T12:18:50","modified_gmt":"2013-11-21T11:18:50","slug":"aldo-braca-imprenditore-dellanno-il-successo-di-bsp-pharmaceutical","status":"publish","type":"post","link":"https:\/\/www.radioluna.it\/news\/2013\/11\/aldo-braca-imprenditore-dellanno-il-successo-di-bsp-pharmaceutical\/","title":{"rendered":"ALDO BRACA IMPRENDITORE DELL&#8217;ANNO<BR> Il successo di Bsp Pharmaceutical"},"content":{"rendered":"<div id=\"fb-root\"><\/div>\n<div id=\"attachment_143744\" style=\"width: 184px\" class=\"wp-caption alignleft\"><a href=\"http:\/\/www.radioluna.it\/news\/wp-content\/uploads\/2013\/11\/aldo-braca.jpg\"><img loading=\"lazy\" decoding=\"async\" aria-describedby=\"caption-attachment-143744\" class=\"size-full wp-image-143744\" alt=\"Aldo Braca\" src=\"http:\/\/www.radioluna.it\/news\/wp-content\/uploads\/2013\/11\/aldo-braca.jpg\" width=\"174\" height=\"172\" srcset=\"https:\/\/www.radioluna.it\/news\/wp-content\/uploads\/2013\/11\/aldo-braca.jpg 174w, https:\/\/www.radioluna.it\/news\/wp-content\/uploads\/2013\/11\/aldo-braca-80x80.jpg 80w, https:\/\/www.radioluna.it\/news\/wp-content\/uploads\/2013\/11\/aldo-braca-50x50.jpg 50w\" sizes=\"auto, (max-width: 174px) 100vw, 174px\" \/><\/a><p id=\"caption-attachment-143744\" class=\"wp-caption-text\">Aldo Braca<\/p><\/div>\n<p style=\"text-align: justify;\">LATINA &#8211; Aldo Braca,\u00a0fondatore e presidente della BSP Pharmaceuticals, di Latina \u00e8 &#8220;Imprenditore dell\u2019Anno 2013&#8221; \u00a0nella categoria \u201cEmerging\u201d dedicata alle aziende giovani ed\u00a0eccellenti che si siano distinte nel panorama economico italiano. La cerimonia si \u00e8 svolta ieri a Milano, a Palazzo Mezzanotte, sede della Borsa.<\/p>\n<p style=\"text-align: justify;\">La motivazione alla base del Premio: \u201cAvere, in poco tempo, portato l\u2019azienda al successo in un settore altamente innovativo e competitivo ed essere\u00a0riuscito in pochi anni a registrare una forte crescita di fatturato, imponendosi con successo sul mercato internazionale\u201d. La Bsp \u00e8 oggi punto di riferimento l a livello mondiale nel settore della produzione per conto\u00a0terzi di farmaci antitumorali di ultima generazione.<\/p>\n<p style=\"text-align: justify;\">\u201cSono molto contento \u2013 dichiara Aldo Braca &#8211; di questo premio che testimonia come il territorio di Latina e le competenze professionali ed umane qui presenti, possano costruire una realt\u00e0 industriale motivo di orgoglio per tutti noi.\u00a0<strong><\/strong>Il settore\u00a0dell\u2019industria farmaceutica ha dato molto alla nostra Provincia, ma sono certo che, al di l\u00e0 dei momenti congiunturali\u00a0difficili, molto ancora si possa fare con grandi benefici per l\u2019economia locale e nazionale. La nostra azienda \u00e8 cresciutamolto e vuole continuare a crescere investendo ancora in capacit\u00e0 tecnologica e risorse umane nella convinzione che\u00a0solo attraverso un\u2019alta specializzazione ed un costante aggiornamento si possa mantenere la propria posizione di\u00a0leadership sul mercato mondiale\u201d.<\/p>\n<p style=\"text-align: justify;\">CHIE E&#8217; &#8211;\u00a0Aldo Braca \u00e8 il Presidente e Amministratore Delegato della BSP Pharmaceuticals s.r.l., societ\u00e0 da lui fondata nel 2006 con l\u2019obiettivo di fornire servizi di sviluppo e produzione di farmaci antineoplastici innovativi con caratteristiche citotossiche per l\u2019industria farmaceutica orientata verso la ricerca contro il cancro. Ha maturato oltre quarant\u2019anni di esperienza in questo settore, 29 dei quali trascorsi presso la multinazionale farmaceutica Bristol Myers Squibb con posizioni di crescente responsabilit\u00e0 fino a quella di Presidente Worldwide Manufacturing, Technical Operations,<\/p>\n<p style=\"text-align: justify;\">Medicines Group, alla guida di 32 siti produttivi e circa 10.000 dipendenti. Prima di costituire BSP Pharmaceuticals, Aldo Braca \u00e8 stato Presidente della Patheon Europe &#8211; consociata del gruppo Patheon Inc.- di cui \u00e8 entrato a far parte nel 1999 con la carica di Executive Vice-President, European Business Development.<br \/>\nAldo Braca \u00e8 membro dell\u2019Advisory Board di \u201cPM &amp; Partners\u201d, societ\u00e0 di private equity specializzata in investimenti in piccole-medie imprese, nonch\u00e9 membro del Consiglio di Amministrazione di Plastiape S.p.A., una solida realt\u00e0 imprenditoriale impegnata nel settore delle apparecchiature mediche per il mercato internazionale.<br \/>\nAldo Braca ha una formazione Chimico Industriale e si \u00e8 specializzato presso Harvard Business School in un programma di Advanced Management.<\/p>\n<p style=\"text-align: justify;\">\n","protected":false},"excerpt":{"rendered":"<p>LATINA &#8211; Aldo Braca,\u00a0fondatore e presidente della BSP Pharmaceuticals, di Latina \u00e8 &#8220;Imprenditore dell\u2019Anno 2013&#8221; \u00a0nella categoria \u201cEmerging\u201d dedicata alle aziende giovani ed\u00a0eccellenti che si siano distinte nel panorama economico italiano. La cerimonia si \u00e8 svolta ieri a Milano, a Palazzo Mezzanotte, sede della Borsa. La motivazione alla base del Premio: \u201cAvere, in poco tempo, [&hellip;]<\/p>\n","protected":false},"author":62,"featured_media":143744,"comment_status":"open","ping_status":"closed","sticky":false,"template":"","format":"standard","meta":{"footnotes":""},"categories":[11],"tags":[],"class_list":["post-143743","post","type-post","status-publish","format-standard","has-post-thumbnail","hentry","category-economia"],"_links":{"self":[{"href":"https:\/\/www.radioluna.it\/news\/wp-json\/wp\/v2\/posts\/143743","targetHints":{"allow":["GET"]}}],"collection":[{"href":"https:\/\/www.radioluna.it\/news\/wp-json\/wp\/v2\/posts"}],"about":[{"href":"https:\/\/www.radioluna.it\/news\/wp-json\/wp\/v2\/types\/post"}],"author":[{"embeddable":true,"href":"https:\/\/www.radioluna.it\/news\/wp-json\/wp\/v2\/users\/62"}],"replies":[{"embeddable":true,"href":"https:\/\/www.radioluna.it\/news\/wp-json\/wp\/v2\/comments?post=143743"}],"version-history":[{"count":0,"href":"https:\/\/www.radioluna.it\/news\/wp-json\/wp\/v2\/posts\/143743\/revisions"}],"wp:featuredmedia":[{"embeddable":true,"href":"https:\/\/www.radioluna.it\/news\/wp-json\/wp\/v2\/media\/143744"}],"wp:attachment":[{"href":"https:\/\/www.radioluna.it\/news\/wp-json\/wp\/v2\/media?parent=143743"}],"wp:term":[{"taxonomy":"category","embeddable":true,"href":"https:\/\/www.radioluna.it\/news\/wp-json\/wp\/v2\/categories?post=143743"},{"taxonomy":"post_tag","embeddable":true,"href":"https:\/\/www.radioluna.it\/news\/wp-json\/wp\/v2\/tags?post=143743"}],"curies":[{"name":"wp","href":"https:\/\/api.w.org\/{rel}","templated":true}]}}