{"id":143891,"date":"2013-11-25T11:43:01","date_gmt":"2013-11-25T10:43:01","guid":{"rendered":"http:\/\/www.radioluna.it\/news\/?p=143891"},"modified":"2013-11-25T11:43:01","modified_gmt":"2013-11-25T10:43:01","slug":"invictus-sport-e-disabilita-la-tre-giorni-al-palasport-di-latina","status":"publish","type":"post","link":"https:\/\/www.radioluna.it\/news\/2013\/11\/invictus-sport-e-disabilita-la-tre-giorni-al-palasport-di-latina\/","title":{"rendered":"INVICTUS, SPORT E DISABILITA&#8217;<BR> La tre giorni al Palasport di Latina"},"content":{"rendered":"<div id=\"fb-root\"><\/div>\n<p style=\"text-align: justify;\"><a href=\"http:\/\/www.radioluna.it\/news\/wp-content\/uploads\/2013\/11\/Immagine.jpg\"><img loading=\"lazy\" decoding=\"async\" class=\"alignleft size-medium wp-image-143892\" alt=\"Immagine\" src=\"http:\/\/www.radioluna.it\/news\/wp-content\/uploads\/2013\/11\/Immagine-300x129.jpg\" width=\"300\" height=\"129\" srcset=\"https:\/\/www.radioluna.it\/news\/wp-content\/uploads\/2013\/11\/Immagine-300x129.jpg 300w, https:\/\/www.radioluna.it\/news\/wp-content\/uploads\/2013\/11\/Immagine-768x330.jpg 768w, https:\/\/www.radioluna.it\/news\/wp-content\/uploads\/2013\/11\/Immagine-500x215.jpg 500w, https:\/\/www.radioluna.it\/news\/wp-content\/uploads\/2013\/11\/Immagine.jpg 1000w, https:\/\/www.radioluna.it\/news\/wp-content\/uploads\/2013\/11\/Immagine-800x344.jpg 800w\" sizes=\"auto, (max-width: 300px) 100vw, 300px\" \/><\/a>LATINA &#8211;\u00a0Si rinnova anche quest\u2019anno l\u2019appuntamento con \u201cInvictus\u201d il meeting di sport e disabilit\u00e0 giunto alla 4^ edizione. L\u2019evento \u00e8 in programma il 28, 29 e 30 novembre presso l\u2019area del palazzetto dello sport di Latina. La manifestazione \u00e8 promossa dal Comune di Latina con il patrocinio dell\u2019Universit\u00e0 La Sapienza, Coni, Special Olympics Italia, Comitato Italiano Paralimpico, Anci Lazio e Opes.\u00a0&#8220;Invictus \u00a0&#8211; spiegano gli organizzatori \u00a0 &#8211; \u00e8 una tre giorni di sport e cultura sociale in cui, attraverso attivit\u00e0 ludico-sportive, si intende promuovere il messaggio che lo sport pu\u00f2 abbattere ogni barriera. Per questo atleti normodotati e disabili gareggeranno in tante discipline sportive in squadre miste, con associazioni e squadre provenienti da tutta Italia&#8221;.<\/p>\n<p style=\"text-align: justify;\">La cerimonia di inaugurazione si terr\u00e0 \u00a0il 28 novembre, alle \u00a010,00, al palazzetto dello spot.\u00a0Saranno presenti alla manifestazione diversi atleti affermati, campioni di squadre locali e nazionali, e sugli spalti delle tre palestre e della piscina di via dei Mille siederanno gli studenti delle scuole di Latina.<\/p>\n<p style=\"text-align: justify;\">Tanti gli eventi collaterali; l\u2019appuntamento pi\u00f9 atteso sar\u00e0 il convegno nazionale con importanti ospiti, dal titolo: \u201cUgualmente abili: Lo sport stile di vita&#8221;, in programma il 29 novembre, alle ore 10,30 presso la palestra della scherma adiacente il palazzetto dello sport di via dei Mille. Un importante momento di riflessione, una occasione per accendere l\u2019attenzione nei confronti del coinvolgimento delle persone disabili attraverso lo sport, con\u00a0la campionessa olimpica Manuela Di Centa (membro C.I.O.), Oxana Corso, campionessa olimpica e mondiale di atletica leggera paralimpica, Alessandro Palazzotti, presidente di Special Olympics Italia.<\/p>\n<p><span style=\"text-align: justify;\">Anche questa edizione di Invictus riveste carattere internazionale e saranno quindi presenti una delegazione di atleti paralimpici di nuoto della Polonia, insieme al vicesindaco di Oswiecim, e una delegazione di atleti provenienti dalla Francia.<\/span><\/p>\n<p style=\"text-align: justify;\">Il programma delle attivit\u00e0 sportive, che si svolgono nell\u2019area del palazzetto dello sport di Latina, nei tre giorni di manifestazione, \u00e8 molto fitto e sabato 30 novembre, alle 10,30, prevede anche la disputa della tappa dell\u2019European Basket Week, presso la tensostruttura dell\u2019 area del palazzetto dello sport.<\/p>\n<p>&nbsp;<\/p>\n","protected":false},"excerpt":{"rendered":"<p>LATINA &#8211;\u00a0Si rinnova anche quest\u2019anno l\u2019appuntamento con \u201cInvictus\u201d il meeting di sport e disabilit\u00e0 giunto alla 4^ edizione. L\u2019evento \u00e8 in programma il 28, 29 e 30 novembre presso l\u2019area del palazzetto dello sport di Latina. La manifestazione \u00e8 promossa dal Comune di Latina con il patrocinio dell\u2019Universit\u00e0 La Sapienza, Coni, Special Olympics Italia, Comitato [&hellip;]<\/p>\n","protected":false},"author":62,"featured_media":143892,"comment_status":"open","ping_status":"closed","sticky":false,"template":"","format":"standard","meta":{"footnotes":""},"categories":[16],"tags":[],"class_list":["post-143891","post","type-post","status-publish","format-standard","has-post-thumbnail","hentry","category-appuntamenti"],"_links":{"self":[{"href":"https:\/\/www.radioluna.it\/news\/wp-json\/wp\/v2\/posts\/143891","targetHints":{"allow":["GET"]}}],"collection":[{"href":"https:\/\/www.radioluna.it\/news\/wp-json\/wp\/v2\/posts"}],"about":[{"href":"https:\/\/www.radioluna.it\/news\/wp-json\/wp\/v2\/types\/post"}],"author":[{"embeddable":true,"href":"https:\/\/www.radioluna.it\/news\/wp-json\/wp\/v2\/users\/62"}],"replies":[{"embeddable":true,"href":"https:\/\/www.radioluna.it\/news\/wp-json\/wp\/v2\/comments?post=143891"}],"version-history":[{"count":0,"href":"https:\/\/www.radioluna.it\/news\/wp-json\/wp\/v2\/posts\/143891\/revisions"}],"wp:featuredmedia":[{"embeddable":true,"href":"https:\/\/www.radioluna.it\/news\/wp-json\/wp\/v2\/media\/143892"}],"wp:attachment":[{"href":"https:\/\/www.radioluna.it\/news\/wp-json\/wp\/v2\/media?parent=143891"}],"wp:term":[{"taxonomy":"category","embeddable":true,"href":"https:\/\/www.radioluna.it\/news\/wp-json\/wp\/v2\/categories?post=143891"},{"taxonomy":"post_tag","embeddable":true,"href":"https:\/\/www.radioluna.it\/news\/wp-json\/wp\/v2\/tags?post=143891"}],"curies":[{"name":"wp","href":"https:\/\/api.w.org\/{rel}","templated":true}]}}