{"id":143944,"date":"2013-11-26T11:13:49","date_gmt":"2013-11-26T10:13:49","guid":{"rendered":"http:\/\/www.radioluna.it\/news\/?p=143944"},"modified":"2013-11-26T11:41:58","modified_gmt":"2013-11-26T10:41:58","slug":"san-francesco-e-il-lupo-accrocca-e-frugoni-a-confronto","status":"publish","type":"post","link":"https:\/\/www.radioluna.it\/news\/2013\/11\/san-francesco-e-il-lupo-accrocca-e-frugoni-a-confronto\/","title":{"rendered":"SAN FRANCESCO E IL LUPO<BR> Accrocca e Frugoni a confronto"},"content":{"rendered":"<div id=\"fb-root\"><\/div>\n<div id=\"attachment_143945\" style=\"width: 310px\" class=\"wp-caption alignleft\"><a href=\"http:\/\/www.radioluna.it\/news\/wp-content\/uploads\/2013\/11\/frugoni-chiara_0.jpg\"><img loading=\"lazy\" decoding=\"async\" aria-describedby=\"caption-attachment-143945\" class=\"size-full wp-image-143945 \" alt=\"La scrittrice Chiara Frugoni\" src=\"http:\/\/www.radioluna.it\/news\/wp-content\/uploads\/2013\/11\/frugoni-chiara_0.jpg\" width=\"300\" height=\"230\" \/><\/a><p id=\"caption-attachment-143945\" class=\"wp-caption-text\">La scrittrice Chiara Frugoni<\/p><\/div>\n<p style=\"text-align: justify;\">LATINA &#8211; Uno degli episodi pi\u00f9 noti della vita di san Francesco d\u2019Assisi \u00e8 il racconto del lupo di Gubbio, ammansito dal Santo; ed \u00e8 pure quello che, tra tutti, forse ha fatto versare pi\u00f9 inchiostro.\u00a0Esso \u00e8 ora al centro di due pubblicazioni, l\u2019una di Chiara Frugoni, edita da Feltrinelli (Francesco e il lupo. Un\u2019altra storia), l\u2019altra di Felice Accrocca, presso le Edizioni Porziuncola (Frate Lupo. Storia e leggenda di un delizioso fioretto francescano), che si sforzano di fare chiarezza, cercando di decifrare l\u2019insegnamento che \u2013 da quel fatto e, pi\u00f9 in generale, dalla disposizione che Francesco aveva nei confronti del lupo \u2013 se ne ricava per l\u2019uomo del nostro tempo e di ogni tempo.<\/p>\n<p style=\"text-align: justify;\">In definitiva, Chi \u00e8 il lupo? Ci fu davvero quell&#8217;incontro narrato dai Fioretti? E quale \u00e8 il lupo che si annida dentro di noi? Chi sono i diversi? Quale rapporto tra noi e loro?\u00a0Su tutto ci\u00f2 si potr\u00e0 riflettere gioved\u00ec 28 novembre, alle ore 16,30, a Latina, presso la Curia Vescovile. Saranno presenti, e interverranno, i due autori. Sono previsti brevi interventi anche di Clemente Ciammaruconi, Vittorio Cotesta, Maria Forte. Presiede l\u2019incontro Rino Caputo.<\/p>\n<p style=\"text-align: justify;\">Nell\u2019ormai lontano 1910, Michele Faloci Pulignani, il dotto sacerdote di Foligno, fondatore e direttore della rivista Miscellanea Francescana, scriveva che quel racconto \u00ab\u00e8 cos\u00ec bello, che qualunque storia del Santo sarebbe incompleta, se non se ne dicesse una parola. Grande \u00e8 stata ed \u00e8 \u2013 diceva ancora lo studioso \u2013 la discordia fra i critici sulla autenticit\u00e0 di questo racconto, poich\u00e9 esso, neppure dai pi\u00f9 ortodossi, \u00e8 accettato concordemente.<\/p>\n","protected":false},"excerpt":{"rendered":"<p>LATINA &#8211; Uno degli episodi pi\u00f9 noti della vita di san Francesco d\u2019Assisi \u00e8 il racconto del lupo di Gubbio, ammansito dal Santo; ed \u00e8 pure quello che, tra tutti, forse ha fatto versare pi\u00f9 inchiostro.\u00a0Esso \u00e8 ora al centro di due pubblicazioni, l\u2019una di Chiara Frugoni, edita da Feltrinelli (Francesco e il lupo. Un\u2019altra [&hellip;]<\/p>\n","protected":false},"author":62,"featured_media":143945,"comment_status":"open","ping_status":"closed","sticky":false,"template":"","format":"standard","meta":{"footnotes":""},"categories":[16],"tags":[],"class_list":["post-143944","post","type-post","status-publish","format-standard","has-post-thumbnail","hentry","category-appuntamenti"],"_links":{"self":[{"href":"https:\/\/www.radioluna.it\/news\/wp-json\/wp\/v2\/posts\/143944","targetHints":{"allow":["GET"]}}],"collection":[{"href":"https:\/\/www.radioluna.it\/news\/wp-json\/wp\/v2\/posts"}],"about":[{"href":"https:\/\/www.radioluna.it\/news\/wp-json\/wp\/v2\/types\/post"}],"author":[{"embeddable":true,"href":"https:\/\/www.radioluna.it\/news\/wp-json\/wp\/v2\/users\/62"}],"replies":[{"embeddable":true,"href":"https:\/\/www.radioluna.it\/news\/wp-json\/wp\/v2\/comments?post=143944"}],"version-history":[{"count":0,"href":"https:\/\/www.radioluna.it\/news\/wp-json\/wp\/v2\/posts\/143944\/revisions"}],"wp:featuredmedia":[{"embeddable":true,"href":"https:\/\/www.radioluna.it\/news\/wp-json\/wp\/v2\/media\/143945"}],"wp:attachment":[{"href":"https:\/\/www.radioluna.it\/news\/wp-json\/wp\/v2\/media?parent=143944"}],"wp:term":[{"taxonomy":"category","embeddable":true,"href":"https:\/\/www.radioluna.it\/news\/wp-json\/wp\/v2\/categories?post=143944"},{"taxonomy":"post_tag","embeddable":true,"href":"https:\/\/www.radioluna.it\/news\/wp-json\/wp\/v2\/tags?post=143944"}],"curies":[{"name":"wp","href":"https:\/\/api.w.org\/{rel}","templated":true}]}}