{"id":143989,"date":"2013-11-27T10:39:38","date_gmt":"2013-11-27T09:39:38","guid":{"rendered":"http:\/\/www.radioluna.it\/news\/?p=143989"},"modified":"2013-11-27T10:39:38","modified_gmt":"2013-11-27T09:39:38","slug":"insediata-consulta-liberi-professionisti-il-presidente-e-righetti","status":"publish","type":"post","link":"https:\/\/www.radioluna.it\/news\/2013\/11\/insediata-consulta-liberi-professionisti-il-presidente-e-righetti\/","title":{"rendered":"INSEDIATA CONSULTA LIBERI PROFESSIONISTI<BR> Il presidente \u00e8 Righetti"},"content":{"rendered":"<div id=\"fb-root\"><\/div>\n<div id=\"attachment_120434\" style=\"width: 210px\" class=\"wp-caption alignright\"><a href=\"http:\/\/www.radioluna.it\/news\/wp-content\/uploads\/2012\/05\/Giovanni-Maria-Righetti.jpg\"><img loading=\"lazy\" decoding=\"async\" aria-describedby=\"caption-attachment-120434\" class=\"size-medium wp-image-120434\" alt=\"Il Presidente eletto, Giovanni Maria Righetti\" src=\"http:\/\/www.radioluna.it\/news\/wp-content\/uploads\/2012\/05\/Giovanni-Maria-Righetti-200x300.jpg\" width=\"200\" height=\"300\" srcset=\"https:\/\/www.radioluna.it\/news\/wp-content\/uploads\/2012\/05\/Giovanni-Maria-Righetti-200x300.jpg 200w, https:\/\/www.radioluna.it\/news\/wp-content\/uploads\/2012\/05\/Giovanni-Maria-Righetti-201x300.jpg 201w, https:\/\/www.radioluna.it\/news\/wp-content\/uploads\/2012\/05\/Giovanni-Maria-Righetti.jpg 250w\" sizes=\"auto, (max-width: 200px) 100vw, 200px\" \/><\/a><p id=\"caption-attachment-120434\" class=\"wp-caption-text\">Il Presidente eletto, Giovanni Maria Righetti<\/p><\/div>\n<p style=\"text-align: justify;\">LATINA &#8211;\u00a0Si \u00e8 insediata il 26 novembre u.s. la Consulta dei Liberi Professionisti in Camera di Commercio, prevista dall\u2019art.10 comma 6 della Legge 580\/1993 (come modificata dal D.lgs 23\/2010). Hanno preso parte all\u2019incontro, il Presidente della Camera di Commercio di Latina Vincenzo Zottola, il Segretario Generale Pietro Viscusi, il Vice Segretario Generale Vicario Domenico Spagnoli.<\/p>\n<p style=\"text-align: justify;\">L\u2019Organismo, composto dai Presidenti degli Ordini e Collegi Professionali operanti nella circoscrizione territoriale della provincia di Latina, nonch\u00e9 dal Rappresentante della Lapet, Associazione Nazionale dei Tributaristi, svolger\u00e0 funzioni di tipo consultivo formulando pareri indirizzati alla Camera di Commercio, volti a promuovere una pi\u00f9 stretta connessione tra sistema economico locale e mondo dei professionisti. Eserciter\u00e0 altres\u00ec funzioni di tipo consultivo in materia di semplificazione degli adempimenti a carico delle imprese.<br \/>\n\u201cIl Sistema Camerale\u201d ha introdotto il Presidente Zottola \u201cnel panorama delle Pubbliche Amministrazioni riveste un ruolo strategico, potendo operare e interagire su piattaforme di rete comuni in grado di semplificare procedure e adempimenti. La Consulta dei Liberi professionisti in tal senso \u00e8 essenziale nel supportare le aziende nei percorsi di crescita, innovazione e apertura internazionale con riferimento alla mission della Camera di commercio\u201d.<br \/>\nNel corso della riunione si \u00e8 proceduto all\u2019elezione del Presidente nella persona del dott. Giovanni Maria Righetti, Presidente dell\u2019Ordine provinciale dei Medici Chirurghi e degli Odontoiatri, votato all\u2019unanimit\u00e0 da tutti i presenti. \u201cAttraverso questo nuovo organismo\u201d ha sottolineato il neopresidente \u201cpotranno crearsi delle sinergie tra il comparto imprenditoriale e quello professionale in un\u2019ottica di rete finalizzata all&#8217;ottimizzazione delle risorse che i diversi attori del comparto economico possono mettere in campo. Il mio auspicio \u00e8 che la Consulta possa rappresentare una presenza qualificata e propositiva nell\u2019ambito dell\u2019attivit\u00e0 camerale al fine di realizzare iniziative condivise dal mondo associativo e dalle professioni su argomenti di interesse comune, nella consapevolezza della rilevanza anche economica che il modo delle professioni riveste nel sistema produttivo locale e nazionale\u201d.<\/p>\n<p style=\"text-align: justify;\">\n","protected":false},"excerpt":{"rendered":"<p>LATINA &#8211;\u00a0Si \u00e8 insediata il 26 novembre u.s. la Consulta dei Liberi Professionisti in Camera di Commercio, prevista dall\u2019art.10 comma 6 della Legge 580\/1993 (come modificata dal D.lgs 23\/2010). Hanno preso parte all\u2019incontro, il Presidente della Camera di Commercio di Latina Vincenzo Zottola, il Segretario Generale Pietro Viscusi, il Vice Segretario Generale Vicario Domenico Spagnoli. [&hellip;]<\/p>\n","protected":false},"author":60,"featured_media":120434,"comment_status":"open","ping_status":"closed","sticky":false,"template":"","format":"standard","meta":{"footnotes":""},"categories":[11],"tags":[],"class_list":["post-143989","post","type-post","status-publish","format-standard","has-post-thumbnail","hentry","category-economia"],"_links":{"self":[{"href":"https:\/\/www.radioluna.it\/news\/wp-json\/wp\/v2\/posts\/143989","targetHints":{"allow":["GET"]}}],"collection":[{"href":"https:\/\/www.radioluna.it\/news\/wp-json\/wp\/v2\/posts"}],"about":[{"href":"https:\/\/www.radioluna.it\/news\/wp-json\/wp\/v2\/types\/post"}],"author":[{"embeddable":true,"href":"https:\/\/www.radioluna.it\/news\/wp-json\/wp\/v2\/users\/60"}],"replies":[{"embeddable":true,"href":"https:\/\/www.radioluna.it\/news\/wp-json\/wp\/v2\/comments?post=143989"}],"version-history":[{"count":0,"href":"https:\/\/www.radioluna.it\/news\/wp-json\/wp\/v2\/posts\/143989\/revisions"}],"wp:featuredmedia":[{"embeddable":true,"href":"https:\/\/www.radioluna.it\/news\/wp-json\/wp\/v2\/media\/120434"}],"wp:attachment":[{"href":"https:\/\/www.radioluna.it\/news\/wp-json\/wp\/v2\/media?parent=143989"}],"wp:term":[{"taxonomy":"category","embeddable":true,"href":"https:\/\/www.radioluna.it\/news\/wp-json\/wp\/v2\/categories?post=143989"},{"taxonomy":"post_tag","embeddable":true,"href":"https:\/\/www.radioluna.it\/news\/wp-json\/wp\/v2\/tags?post=143989"}],"curies":[{"name":"wp","href":"https:\/\/api.w.org\/{rel}","templated":true}]}}