{"id":144052,"date":"2013-11-28T16:19:21","date_gmt":"2013-11-28T15:19:21","guid":{"rendered":"http:\/\/www.radioluna.it\/news\/?p=144052"},"modified":"2013-11-28T16:19:21","modified_gmt":"2013-11-28T15:19:21","slug":"commissione-commercio-niente-di-fatto-nella-riunione","status":"publish","type":"post","link":"https:\/\/www.radioluna.it\/news\/2013\/11\/commissione-commercio-niente-di-fatto-nella-riunione\/","title":{"rendered":"COMMISSIONE COMMERCIO<BR> Niente di fatto nella riunione"},"content":{"rendered":"<div id=\"fb-root\"><\/div>\n<p style=\"text-align: justify;\" align=\"center\"><strong><a href=\"http:\/\/www.radioluna.it\/news\/wp-content\/uploads\/2011\/06\/Aula-consiliare-1.jpg\"><img loading=\"lazy\" decoding=\"async\" class=\"alignleft size-medium wp-image-106010\" alt=\"Aula-consiliare-1\" src=\"http:\/\/www.radioluna.it\/news\/wp-content\/uploads\/2011\/06\/Aula-consiliare-1-300x225.jpg\" width=\"300\" height=\"225\" srcset=\"https:\/\/www.radioluna.it\/news\/wp-content\/uploads\/2011\/06\/Aula-consiliare-1-300x225.jpg 300w, https:\/\/www.radioluna.it\/news\/wp-content\/uploads\/2011\/06\/Aula-consiliare-1-500x375.jpg 500w, https:\/\/www.radioluna.it\/news\/wp-content\/uploads\/2011\/06\/Aula-consiliare-1.jpg 600w\" sizes=\"auto, (max-width: 300px) 100vw, 300px\" \/><\/a>LATINA &#8211;<\/strong> \u00abIeri si \u00e8 consumata l\u2019ennesima pagina dannosa di questa nostra telenovela amministrativa\u00bb: cos\u00ec i consiglieri comunali del Partito democratico Omar Sarubbo, Alessandro Cozzolino ed Enzo De Amicis commentano l\u2019ultima riunione della Commissione Commercio cui hanno partecipato le associazioni sindacali e di categoria in rappresentanza dei commercianti e convocata per valutare l\u2019opportunit\u00e0 di organizzare il mercato in area R6 anche nella terza domenica del mese.<\/p>\n<p style=\"text-align: justify;\">\u00abLa maggioranza era senza numero legale perch\u00e9 rappresentata da soli quattro componenti \u2013 spiegano i tre membri della Commissione \u2013 tra l\u2019altro tutti e quattro con idee diverse l\u2019uno dall\u2019altro. L\u2019assessore Picca non aveva ben chiaro cosa proporre e i rappresentanti delle categorie invitati avevano poca intenzione di confrontarsi tra loro\u00bb.<\/p>\n<p style=\"text-align: justify;\">L\u2019incontro si \u00e8 risolto in un caos di urla, mozioni d\u2019ordine e sospensioni che hanno danneggiato tutti perch\u00e9 alla fine non \u00e8 stata presa alcuna decisione. \u00abQuest\u2019anarchia \u00e8 causa della mancata linea politica da parte dell\u2019amministrazione in merito alla questione del commercio a Latina \u2013 dichiara Sarubbo &#8211; e dell\u2019incapacit\u00e0 della giunta e della maggioranza di mediare tra le parti al fine di raggiungere l\u2019unico vero obiettivo necessario, ovvero aiutare commercianti e consumatori in un momento di grave crisi economica\u00bb.<\/p>\n<p>&nbsp;<\/p>\n<p>Il Pd ha lasciato la riunione senza chiedere la verifica del numero legale per consentire la prosecuzione della discussione. \u00abL\u2019abbiamo fatto per rispetto dei rappresentanti delle categorie sindacali che avevano impegnato la mattinata invano \u2013 spiegano i tre componenti Pd &#8211; e che, chiamati ad assistere a questa indegna rissa politica tra alleati, avevano tutto il diritto di ottenere una risposta. Il Comune non ha idee e tutti i nodi stanno venendo al pettine. La maggioranza \u00e8 impegnata da mesi in una lotta intestina per il rimpasto di giunta e le tensioni interne alla coalizione si ripercuotono sulla vita amministrativa della citt\u00e0 provocando danni ai cittadini\u00bb.<\/p>\n<p>&nbsp;<\/p>\n<p>\u00abQuanto accaduto \u2013 ribadiscono Sarubbo, Cozzolino e De Amicis &#8211; \u00e8 il prodotto dell\u2019assenza di una politica economica e di scelte pianificatorie a sostegno del comparto commerciale. Basterebbe poco per decidere insieme quali luoghi debbano accogliere mercati all\u2019area aperta e manifestazioni e in quali giorni sia pi\u00f9 opportuno farli. Basterebbe un\u2019idea qualsiasi, ma per averla bisogna essere liberi e pensare esclusivamente all\u2019interesse della citt\u00e0, non agli interessi dei singoli. La discussione sul piano del commercio \u00e8 durata un anno e quella per il Regolamento del Commercio su aree pubbliche dura da mesi. Senza regole e senza pianificazione non ci pu\u00f2 essere che anarchia, strada su cui Di Giorgi e i suoi ci stanno conducendo\u00bb.<\/p>\n<p>&nbsp;<\/p>\n<p>\u00abCrediamo che i mercati all\u2019area aperta e le fiere \u2013 concludono i tre rappresentanti &#8211; vadano favoriti e promossi in pi\u00f9 zone della citt\u00e0, borghi compresi. Crediamo altres\u00ec che l\u2019amministrazione debba agevolare la nascita di mercati tematici e specializzati (agricoli, dell\u2019artigianato locale, dell\u2019economia del mare) oltre al consueto mercato generico del marted\u00ec. Qualche tempo fa in commissione parlammo anche della possibilit\u00e0 di aprire mercatini agricoli nelle periferie e nei borghi, su proposta del consigliere Chiarato, ma anche di questo non se ne\u2019\u00e8 fatto nulla a causa delle divisioni interne alla maggioranza\u00bb.<\/p>\n","protected":false},"excerpt":{"rendered":"<p>LATINA &#8211; \u00abIeri si \u00e8 consumata l\u2019ennesima pagina dannosa di questa nostra telenovela amministrativa\u00bb: cos\u00ec i consiglieri comunali del Partito democratico Omar Sarubbo, Alessandro Cozzolino ed Enzo De Amicis commentano l\u2019ultima riunione della Commissione Commercio cui hanno partecipato le associazioni sindacali e di categoria in rappresentanza dei commercianti e convocata per valutare l\u2019opportunit\u00e0 di organizzare [&hellip;]<\/p>\n","protected":false},"author":60,"featured_media":106010,"comment_status":"open","ping_status":"closed","sticky":false,"template":"","format":"standard","meta":{"footnotes":""},"categories":[8],"tags":[],"class_list":["post-144052","post","type-post","status-publish","format-standard","has-post-thumbnail","hentry","category-politica"],"_links":{"self":[{"href":"https:\/\/www.radioluna.it\/news\/wp-json\/wp\/v2\/posts\/144052","targetHints":{"allow":["GET"]}}],"collection":[{"href":"https:\/\/www.radioluna.it\/news\/wp-json\/wp\/v2\/posts"}],"about":[{"href":"https:\/\/www.radioluna.it\/news\/wp-json\/wp\/v2\/types\/post"}],"author":[{"embeddable":true,"href":"https:\/\/www.radioluna.it\/news\/wp-json\/wp\/v2\/users\/60"}],"replies":[{"embeddable":true,"href":"https:\/\/www.radioluna.it\/news\/wp-json\/wp\/v2\/comments?post=144052"}],"version-history":[{"count":0,"href":"https:\/\/www.radioluna.it\/news\/wp-json\/wp\/v2\/posts\/144052\/revisions"}],"wp:featuredmedia":[{"embeddable":true,"href":"https:\/\/www.radioluna.it\/news\/wp-json\/wp\/v2\/media\/106010"}],"wp:attachment":[{"href":"https:\/\/www.radioluna.it\/news\/wp-json\/wp\/v2\/media?parent=144052"}],"wp:term":[{"taxonomy":"category","embeddable":true,"href":"https:\/\/www.radioluna.it\/news\/wp-json\/wp\/v2\/categories?post=144052"},{"taxonomy":"post_tag","embeddable":true,"href":"https:\/\/www.radioluna.it\/news\/wp-json\/wp\/v2\/tags?post=144052"}],"curies":[{"name":"wp","href":"https:\/\/api.w.org\/{rel}","templated":true}]}}