{"id":144060,"date":"2013-11-28T17:57:37","date_gmt":"2013-11-28T16:57:37","guid":{"rendered":"http:\/\/www.radioluna.it\/news\/?p=144060"},"modified":"2013-11-29T10:20:28","modified_gmt":"2013-11-29T09:20:28","slug":"mostra-a-palazzo-m-arriva-la-mostra-di-antonio-farina","status":"publish","type":"post","link":"https:\/\/www.radioluna.it\/news\/2013\/11\/mostra-a-palazzo-m-arriva-la-mostra-di-antonio-farina\/","title":{"rendered":"MOSTRA A PALAZZO M<BR> Sessanta opere di Antonio Farina"},"content":{"rendered":"<div id=\"fb-root\"><\/div>\n<div id=\"attachment_112302\" style=\"width: 310px\" class=\"wp-caption alignleft\"><a href=\"http:\/\/www.radioluna.it\/news\/wp-content\/uploads\/2011\/11\/il-set-a-palazzo-M.jpg\"><img loading=\"lazy\" decoding=\"async\" aria-describedby=\"caption-attachment-112302\" class=\"size-medium wp-image-112302\" alt=\"Palazzo M, sede della Gdf\" src=\"http:\/\/www.radioluna.it\/news\/wp-content\/uploads\/2011\/11\/il-set-a-palazzo-M-300x225.jpg\" width=\"300\" height=\"225\" srcset=\"https:\/\/www.radioluna.it\/news\/wp-content\/uploads\/2011\/11\/il-set-a-palazzo-M-300x225.jpg 300w, https:\/\/www.radioluna.it\/news\/wp-content\/uploads\/2011\/11\/il-set-a-palazzo-M-500x375.jpg 500w, https:\/\/www.radioluna.it\/news\/wp-content\/uploads\/2011\/11\/il-set-a-palazzo-M.jpg 533w\" sizes=\"auto, (max-width: 300px) 100vw, 300px\" \/><\/a><p id=\"caption-attachment-112302\" class=\"wp-caption-text\">Palazzo M<\/p><\/div>\n<p style=\"text-align: justify;\" align=\"left\"><strong>LATINA &#8211;<\/strong> Le sale del Palazzo M di Latina ospitano dal 29 novembre al 12 dicembre la mostra antologica del maestro <b>Antonio Farina<\/b>. Ben 60 le opere in mostra, tra olii e acquerelli, che narrano in maniera estremamente esaustiva un impegno e una dedizione all\u2019arte di quarant\u2019anni di lavoro e impegno.<b><i><\/i><\/b><\/p>\n<p style=\"text-align: justify;\">I quadri testimoniano l\u2019indiscussa vocazione di quest\u2019artista, che da sempre ha scelto di fare il pittore a tempo pieno; \u00e8 questa sua scelta che lo fa approdare infine a queste <i>isole felici<\/i>, isole che immaginiamo nel mare sconfinato e magico della creativit\u00e0. La mostra \u00e8 pensata e scandita in quattro decenni, caratterizzati volta per volta da varie soluzioni formali: la qualit\u00e0 e l\u2019impegno della sua ricerca, \u00e8 stata certamente segnata e condizionata dal territorio Latina e ai dintorni dell\u2019Agro Pontino; terra un tempo metafisica sottratta ai miasmi delle paludi, che con il duro lavoro \u00e8 stata trasformata in terre coltivate e fertili. Farina ci racconta tutto ci\u00f2 con l\u2019evolversi di figure e paesaggi, un\u2019amorosa testimonianza che negli ultimi anni, parliamo dai quadri degli anni 2000 in poi, si palesa nella descrizione di una natura diventata amica; i canneti si rispecchiano nel verde palustre non pi\u00f9 ostile, ma composto in un\u2019armonica suggestione di cromie. L\u2019autorevole testimonianza critica di <b>Gabriele Simongini<\/b>, d\u00e0 credito alle perizie e capacit\u00e0 creative di questo vero e valente artista.<\/p>\n","protected":false},"excerpt":{"rendered":"<p>LATINA &#8211; Le sale del Palazzo M di Latina ospitano dal 29 novembre al 12 dicembre la mostra antologica del maestro Antonio Farina. Ben 60 le opere in mostra, tra olii e acquerelli, che narrano in maniera estremamente esaustiva un impegno e una dedizione all\u2019arte di quarant\u2019anni di lavoro e impegno. I quadri testimoniano l\u2019indiscussa [&hellip;]<\/p>\n","protected":false},"author":60,"featured_media":112302,"comment_status":"open","ping_status":"closed","sticky":false,"template":"","format":"standard","meta":{"footnotes":""},"categories":[16],"tags":[],"class_list":["post-144060","post","type-post","status-publish","format-standard","has-post-thumbnail","hentry","category-appuntamenti"],"_links":{"self":[{"href":"https:\/\/www.radioluna.it\/news\/wp-json\/wp\/v2\/posts\/144060","targetHints":{"allow":["GET"]}}],"collection":[{"href":"https:\/\/www.radioluna.it\/news\/wp-json\/wp\/v2\/posts"}],"about":[{"href":"https:\/\/www.radioluna.it\/news\/wp-json\/wp\/v2\/types\/post"}],"author":[{"embeddable":true,"href":"https:\/\/www.radioluna.it\/news\/wp-json\/wp\/v2\/users\/60"}],"replies":[{"embeddable":true,"href":"https:\/\/www.radioluna.it\/news\/wp-json\/wp\/v2\/comments?post=144060"}],"version-history":[{"count":0,"href":"https:\/\/www.radioluna.it\/news\/wp-json\/wp\/v2\/posts\/144060\/revisions"}],"wp:featuredmedia":[{"embeddable":true,"href":"https:\/\/www.radioluna.it\/news\/wp-json\/wp\/v2\/media\/112302"}],"wp:attachment":[{"href":"https:\/\/www.radioluna.it\/news\/wp-json\/wp\/v2\/media?parent=144060"}],"wp:term":[{"taxonomy":"category","embeddable":true,"href":"https:\/\/www.radioluna.it\/news\/wp-json\/wp\/v2\/categories?post=144060"},{"taxonomy":"post_tag","embeddable":true,"href":"https:\/\/www.radioluna.it\/news\/wp-json\/wp\/v2\/tags?post=144060"}],"curies":[{"name":"wp","href":"https:\/\/api.w.org\/{rel}","templated":true}]}}