{"id":144073,"date":"2013-11-29T10:40:38","date_gmt":"2013-11-29T09:40:38","guid":{"rendered":"http:\/\/www.radioluna.it\/news\/?p=144073"},"modified":"2013-11-29T10:40:38","modified_gmt":"2013-11-29T09:40:38","slug":"la-crisi-industriale-pontina-evento-al-teatro-cafaromostra-fotografica-e-il-doc-atlantis","status":"publish","type":"post","link":"https:\/\/www.radioluna.it\/news\/2013\/11\/la-crisi-industriale-pontina-evento-al-teatro-cafaromostra-fotografica-e-il-doc-atlantis\/","title":{"rendered":"LA CRISI INDUSTRIALE PONTINA<BR> Evento al teatro Cafaro:<br>mostra fotografica e il doc Atlantis"},"content":{"rendered":"<div id=\"fb-root\"><\/div>\n<p style=\"text-align: justify;\"><a href=\"http:\/\/www.radioluna.it\/news\/wp-content\/uploads\/2013\/11\/ATLANTIS.jpg\"><img loading=\"lazy\" decoding=\"async\" class=\"alignleft size-medium wp-image-144075\" alt=\"ATLANTIS\" src=\"http:\/\/www.radioluna.it\/news\/wp-content\/uploads\/2013\/11\/ATLANTIS-300x211.jpg\" width=\"300\" height=\"211\" \/><\/a>LATINA &#8211;\u00a0La crisi industriale pontina, e la sua storia-simbolo, quella della Tacconi sud, \u00a0\u00e8 al centro di un evento culturale che si terr\u00e0 stasera al teatro Armando Cafaro di Latina alla presenza dell&#8217;assessore regionale al lavoro Lucia Valente e della consigliera regionale Rosa Giancola che con le altre operaie occup\u00f2 la fabbrica. Nel corso della serata che comincer\u00e0 alle 19 sar\u00e0 proiettato in anteprima nazionale il documentario Atlantis \u00a0che ripercorre i lunghissimi giorni del presidio nella fabbrica tessile di Latina e sar\u00e0 inaugurata una mostra fotografica con venti scatti\u00a0provenienti dall\u2019archivio fotografico dei quotidiani locali La Provincia e Latina Oggi, firmate dai fotografi Nando Ginnetti e Enrico de Divitiis, che hanno documentato, nel periodo di riferimento 2010-2012, la cronaca della crisi in provincia: la chiusura di altre fabbriche del territorio, le proteste dei lavoratori, gli scioperi. Ogni fotografia scelta \u00e8 accompagnata dai titoli dei quotidiani, curati dalle giornaliste Marica Pucinischi e Graziella Di Mambro, che guideranno gli spettatori lungo un percorso di riflessione sulla crisi vissuta dal territorio pontino.\u00a0Altre otto foto sono invece firmate da altre due fotografe professioniste, Jamila Campagna e Sara Palliccia, che hanno realizzato due reportage artistici sulla lunga occupazione della Tacconi Sud.<\/p>\n<p style=\"text-align: justify;\">L\u2019evento sar\u00e0 aperto da un intervento dell\u2019assessore regionale al Lavoro Lucia Valente, che incontrer\u00e0 la stampa alle 19 al Teatro Cafaro di Latina.<\/p>\n<p style=\"text-align: justify;\">A seguire, alle ore 21, la proiezione di Atlantis,\u00a0documentario \u00a0diretto da Massimo Ferrari e prodotto da MaGa Production &#8211; premiato come miglior documentario al Workers Unite Film Festival di New York, premio speciale della giuria alla Festa del documentario di Cortona, selezionato al Festival del cinema dei diritti umani di Napoli. &#8220;L\u2019occupazione della Tacconi \u00a0&#8211; spiega Rosa Giancola &#8211; \u00e8 durata 550 giorni e altrettanti notti, mentre fuori dallo stabilimento ormai fermo della Tacconi Sud, altre fabbriche chiudevano e altri operai cercavano di difendere il diritto al lavoro. Per questo si \u00e8 pensato di accompagnare la prima proiezione di Atlantis a un pi\u00f9 ampio evento sul lavoro e la crisi organizzato dal gruppo Per il Lazio del Consiglio regionale: la mostra fotografica \u201c550 giorni di crisi e di speranza\u201d.<\/p>\n<p style=\"text-align: justify;\">\n","protected":false},"excerpt":{"rendered":"<p>LATINA &#8211;\u00a0La crisi industriale pontina, e la sua storia-simbolo, quella della Tacconi sud, \u00a0\u00e8 al centro di un evento culturale che si terr\u00e0 stasera al teatro Armando Cafaro di Latina alla presenza dell&#8217;assessore regionale al lavoro Lucia Valente e della consigliera regionale Rosa Giancola che con le altre operaie occup\u00f2 la fabbrica. Nel corso della [&hellip;]<\/p>\n","protected":false},"author":62,"featured_media":144075,"comment_status":"open","ping_status":"closed","sticky":false,"template":"","format":"standard","meta":{"footnotes":""},"categories":[16],"tags":[],"class_list":["post-144073","post","type-post","status-publish","format-standard","has-post-thumbnail","hentry","category-appuntamenti"],"_links":{"self":[{"href":"https:\/\/www.radioluna.it\/news\/wp-json\/wp\/v2\/posts\/144073","targetHints":{"allow":["GET"]}}],"collection":[{"href":"https:\/\/www.radioluna.it\/news\/wp-json\/wp\/v2\/posts"}],"about":[{"href":"https:\/\/www.radioluna.it\/news\/wp-json\/wp\/v2\/types\/post"}],"author":[{"embeddable":true,"href":"https:\/\/www.radioluna.it\/news\/wp-json\/wp\/v2\/users\/62"}],"replies":[{"embeddable":true,"href":"https:\/\/www.radioluna.it\/news\/wp-json\/wp\/v2\/comments?post=144073"}],"version-history":[{"count":0,"href":"https:\/\/www.radioluna.it\/news\/wp-json\/wp\/v2\/posts\/144073\/revisions"}],"wp:featuredmedia":[{"embeddable":true,"href":"https:\/\/www.radioluna.it\/news\/wp-json\/wp\/v2\/media\/144075"}],"wp:attachment":[{"href":"https:\/\/www.radioluna.it\/news\/wp-json\/wp\/v2\/media?parent=144073"}],"wp:term":[{"taxonomy":"category","embeddable":true,"href":"https:\/\/www.radioluna.it\/news\/wp-json\/wp\/v2\/categories?post=144073"},{"taxonomy":"post_tag","embeddable":true,"href":"https:\/\/www.radioluna.it\/news\/wp-json\/wp\/v2\/tags?post=144073"}],"curies":[{"name":"wp","href":"https:\/\/api.w.org\/{rel}","templated":true}]}}