{"id":144115,"date":"2013-11-29T18:24:44","date_gmt":"2013-11-29T17:24:44","guid":{"rendered":"http:\/\/www.radioluna.it\/news\/?p=144115"},"modified":"2013-11-29T18:24:44","modified_gmt":"2013-11-29T17:24:44","slug":"proposta-di-legge-di-fabiani-le-associazioni-industriali-la-approvano","status":"publish","type":"post","link":"https:\/\/www.radioluna.it\/news\/2013\/11\/proposta-di-legge-di-fabiani-le-associazioni-industriali-la-approvano\/","title":{"rendered":"PROPOSTA DI LEGGE DI FABIANI <BR> Le associazioni industriali la approvano"},"content":{"rendered":"<div id=\"fb-root\"><\/div>\n<p style=\"text-align: justify;\"><strong><a href=\"http:\/\/www.radioluna.it\/news\/wp-content\/uploads\/2013\/11\/Unindustria.jpg\"><img loading=\"lazy\" decoding=\"async\" class=\"alignleft size-medium wp-image-144116\" alt=\"Unindustria\" src=\"http:\/\/www.radioluna.it\/news\/wp-content\/uploads\/2013\/11\/Unindustria-300x98.jpg\" width=\"300\" height=\"98\" \/><\/a>LATINA &#8211;<\/strong> \u201cLe imprese della Regione Lazio guardano con attenzione ed in maniera assolutamente favorevole alla riorganizzazione delle societ\u00e0 regionali e quindi alla proposta di legge, di iniziativa della Giunta, presentata dall\u2019Assessore Guido Fabiani &#8211; dichiara Maurizio Stirpe Presidente di Unindustria -.<\/p>\n<p style=\"text-align: justify;\">La proposta di legge va incontro alle richieste fatte in pi\u00f9 occasioni, non solo da Unindustria, ma pi\u00f9 in generale da tutte le forze produttive della Regione, che vuole snellire la macchina produttiva regionale e portarla ad avere il massimo dell\u2019efficienza e dell\u2019efficacia con una notevole riduzione di costi, sprechi e sovrapposizioni di funzioni che, non dimentichiamolo mai, in passato sono stati uno dei principali mali della macchina amministrativa regionale.<\/p>\n<p style=\"text-align: justify;\">Per questi motivi il riordino delle societ\u00e0 regionali \u00e8 fondamentale per la vita delle imprese e pi\u00f9 in generale per lo sviluppo del nostro territorio. Ci auguriamo\u00a0 pertanto che la Regione, proceda speditamente\u00a0 su questa strada e che le forze di opposizione apportino i miglioramenti che ritengano necessari nel metodo e nel merito, ma che, allo stesso tempo, non si oppongano in maniera cavillosa all\u2019approvazione di un disegno di legge che va nella giusta direzione\u201d.<\/p>\n<p>&nbsp;<\/p>\n<p>&nbsp;<\/p>\n<p>&nbsp;<\/p>\n<p>&nbsp;<\/p>\n","protected":false},"excerpt":{"rendered":"<p>LATINA &#8211; \u201cLe imprese della Regione Lazio guardano con attenzione ed in maniera assolutamente favorevole alla riorganizzazione delle societ\u00e0 regionali e quindi alla proposta di legge, di iniziativa della Giunta, presentata dall\u2019Assessore Guido Fabiani &#8211; dichiara Maurizio Stirpe Presidente di Unindustria -. La proposta di legge va incontro alle richieste fatte in pi\u00f9 occasioni, non [&hellip;]<\/p>\n","protected":false},"author":60,"featured_media":0,"comment_status":"open","ping_status":"closed","sticky":false,"template":"","format":"standard","meta":{"footnotes":""},"categories":[11],"tags":[],"class_list":["post-144115","post","type-post","status-publish","format-standard","hentry","category-economia"],"_links":{"self":[{"href":"https:\/\/www.radioluna.it\/news\/wp-json\/wp\/v2\/posts\/144115","targetHints":{"allow":["GET"]}}],"collection":[{"href":"https:\/\/www.radioluna.it\/news\/wp-json\/wp\/v2\/posts"}],"about":[{"href":"https:\/\/www.radioluna.it\/news\/wp-json\/wp\/v2\/types\/post"}],"author":[{"embeddable":true,"href":"https:\/\/www.radioluna.it\/news\/wp-json\/wp\/v2\/users\/60"}],"replies":[{"embeddable":true,"href":"https:\/\/www.radioluna.it\/news\/wp-json\/wp\/v2\/comments?post=144115"}],"version-history":[{"count":0,"href":"https:\/\/www.radioluna.it\/news\/wp-json\/wp\/v2\/posts\/144115\/revisions"}],"wp:attachment":[{"href":"https:\/\/www.radioluna.it\/news\/wp-json\/wp\/v2\/media?parent=144115"}],"wp:term":[{"taxonomy":"category","embeddable":true,"href":"https:\/\/www.radioluna.it\/news\/wp-json\/wp\/v2\/categories?post=144115"},{"taxonomy":"post_tag","embeddable":true,"href":"https:\/\/www.radioluna.it\/news\/wp-json\/wp\/v2\/tags?post=144115"}],"curies":[{"name":"wp","href":"https:\/\/api.w.org\/{rel}","templated":true}]}}