{"id":144123,"date":"2013-11-29T19:30:47","date_gmt":"2013-11-29T18:30:47","guid":{"rendered":"http:\/\/www.radioluna.it\/news\/?p=144123"},"modified":"2013-11-29T19:30:47","modified_gmt":"2013-11-29T18:30:47","slug":"gabbia-di-metallo-in-piazza-moro-verra-tolta-gia-nei-prossimi-giorni","status":"publish","type":"post","link":"https:\/\/www.radioluna.it\/news\/2013\/11\/gabbia-di-metallo-in-piazza-moro-verra-tolta-gia-nei-prossimi-giorni\/","title":{"rendered":"GABBIA DI METALLO IN PIAZZA MORO<BR> Verr\u00e0 tolta gi\u00e0 nei prossimi giorni"},"content":{"rendered":"<div id=\"fb-root\"><\/div>\n<p style=\"text-align: justify;\"><strong><a href=\"http:\/\/www.radioluna.it\/news\/wp-content\/uploads\/2013\/11\/gabbia.jpg\"><img loading=\"lazy\" decoding=\"async\" class=\"alignleft size-medium wp-image-144124\" alt=\"gabbia\" src=\"http:\/\/www.radioluna.it\/news\/wp-content\/uploads\/2013\/11\/gabbia-300x225.jpg\" width=\"300\" height=\"225\" \/><\/a>LATINA &#8211;<\/strong> In merito alle proteste dei residenti di Piazza Moro, che hanno chiesto lo spostamento della gabbia di ferro installata al centro della piazza per contenere i macchinari per il controllo della qualit\u00e0 dell\u2019aria, l\u2019amministrazione comunale precisa che l\u2019installazione verr\u00e0 tolta gi\u00e0 nei prossimi giorni e che \u00e8 stata individuata una adeguata alternativa che recher\u00e0 meno disagio ai residenti.<br \/>\n\u201cHo ricevuto la lettera con le firme dei residenti \u2013 afferma il sindaco Di Giorgi \u2013 e posso confortarli del fatto che mi ero gi\u00e0 attivato per togliere quella gabbia e restituire il decoro alla piazza. Entro l\u2019anno sar\u00e0 poi approvato il progetto definitivo per la riqualificazione dell\u2019intera piazza Moro, che avr\u00f2 il piacere di esporre ai residenti in una prossima assise pubblica\u201d.<\/p>\n","protected":false},"excerpt":{"rendered":"<p>LATINA &#8211; In merito alle proteste dei residenti di Piazza Moro, che hanno chiesto lo spostamento della gabbia di ferro installata al centro della piazza per contenere i macchinari per il controllo della qualit\u00e0 dell\u2019aria, l\u2019amministrazione comunale precisa che l\u2019installazione verr\u00e0 tolta gi\u00e0 nei prossimi giorni e che \u00e8 stata individuata una adeguata alternativa che [&hellip;]<\/p>\n","protected":false},"author":60,"featured_media":0,"comment_status":"open","ping_status":"closed","sticky":false,"template":"","format":"standard","meta":{"footnotes":""},"categories":[8],"tags":[],"class_list":["post-144123","post","type-post","status-publish","format-standard","hentry","category-politica"],"_links":{"self":[{"href":"https:\/\/www.radioluna.it\/news\/wp-json\/wp\/v2\/posts\/144123","targetHints":{"allow":["GET"]}}],"collection":[{"href":"https:\/\/www.radioluna.it\/news\/wp-json\/wp\/v2\/posts"}],"about":[{"href":"https:\/\/www.radioluna.it\/news\/wp-json\/wp\/v2\/types\/post"}],"author":[{"embeddable":true,"href":"https:\/\/www.radioluna.it\/news\/wp-json\/wp\/v2\/users\/60"}],"replies":[{"embeddable":true,"href":"https:\/\/www.radioluna.it\/news\/wp-json\/wp\/v2\/comments?post=144123"}],"version-history":[{"count":0,"href":"https:\/\/www.radioluna.it\/news\/wp-json\/wp\/v2\/posts\/144123\/revisions"}],"wp:attachment":[{"href":"https:\/\/www.radioluna.it\/news\/wp-json\/wp\/v2\/media?parent=144123"}],"wp:term":[{"taxonomy":"category","embeddable":true,"href":"https:\/\/www.radioluna.it\/news\/wp-json\/wp\/v2\/categories?post=144123"},{"taxonomy":"post_tag","embeddable":true,"href":"https:\/\/www.radioluna.it\/news\/wp-json\/wp\/v2\/tags?post=144123"}],"curies":[{"name":"wp","href":"https:\/\/api.w.org\/{rel}","templated":true}]}}