{"id":144182,"date":"2013-12-02T11:26:52","date_gmt":"2013-12-02T10:26:52","guid":{"rendered":"http:\/\/www.radioluna.it\/news\/?p=144182"},"modified":"2013-12-02T11:26:52","modified_gmt":"2013-12-02T10:26:52","slug":"sviluppo-rurale-su-misura-ricci-prima-tappa-di-ascolto-a-latina","status":"publish","type":"post","link":"https:\/\/www.radioluna.it\/news\/2013\/12\/sviluppo-rurale-su-misura-ricci-prima-tappa-di-ascolto-a-latina\/","title":{"rendered":"SVILUPPO RURALE &#8220;SU MISURA&#8221;<BR> Ricci: &#8220;Prima tappa di ascolto a Latina&#8221;"},"content":{"rendered":"<div id=\"fb-root\"><\/div>\n<p style=\"text-align: justify;\"><a href=\"http:\/\/www.radioluna.it\/news\/wp-content\/uploads\/2013\/12\/sviluppo-rurale.jpg\"><img loading=\"lazy\" decoding=\"async\" class=\"alignleft size-full wp-image-144183\" alt=\"sviluppo rurale\" src=\"http:\/\/www.radioluna.it\/news\/wp-content\/uploads\/2013\/12\/sviluppo-rurale.jpg\" width=\"293\" height=\"172\" \/><\/a>LATINA &#8211; Parte da Latina la prima tappa di un percorso di ascolto e confronto con\u00a0 chi vive e lavora nelle province per avviare il programma di rilancio del sistema agricolo come fondamentale risorsa economica, perch\u00e9 la programmazione dello Sviluppo Rurale 2014\/2020 sar\u00e0 su misura dei nostri territori.\u00a0Lo ha dichiarato l&#8217;assessore regionale all&#8217;Agricoltura Sonia Ricci durante l\u2019incontro che si \u00e8 svolto a Latina, presso la sala Cambellotti della Provincia, alla presenza di sindaci, sindacati e organizzazioni di categoria sullo stato attuale del PSR 2007\/2013 e sulla nuova programmazione 2014\/2020. All&#8217;incontro hanno partecipato, tra gli altri, il Sottosegretario ai rapporti con il Parlamento, Sesa Amici, il sindaco di Latina, Giovanni di Giorgi, l&#8217;Assessore provinciale all&#8217;Agricoltura, Errico Tiero.<\/p>\n<p style=\"text-align: justify;\">\u00a0&#8220;I Fondi europei rappresentano per i Comuni e le imprese un\u2019opportunit\u00e0 di sviluppo importante, ma bisogna saperli sfruttare al meglio. L\u2019attuale programmazione rurale, che conclude quest\u2019anno il suo ciclo, ha dato molti risultati importanti, ma \u2013 ha spiegato Ricci &#8211; ha messo in luce anche tantissime difficolt\u00e0 e forti limiti che ne hanno frenato lo sviluppo e le potenzialit\u00e0. La semplificazione del sistema burocratico e l\u2019offerta di maggiori opportunit\u00e0 ai giovani con gli aiuti alle start up d\u2019impresa sono i primi obiettivi su cui abbiamo concentrato da subito il nostro impegno. Il bilancio del PSR 2007\/2013 indica, nonostante la crisi economica globale, che il sistema d\u2019impresa del Lazio \u00e8 vitale e vuole investire in agricoltura. I Fondi europei fino ad oggi erogati nella provincia di Latina sono complessivamente circa 61 milioni di euro, di cui circa 50 milioni sono stati destinati alle misure per gli investimenti strutturali e 11 milioni alle misure a superficie&#8221;.<\/p>\n<p style=\"text-align: justify;\">\u00a0&#8220;Stiamo lavorando per diffondere una cultura della concertazione e dello sviluppo integrato, trasformando \u2013 continua l\u2019assessore &#8211; le risorse delle aree rurali, dalle produzioni agricole alle ricchezze paesaggistiche e culturali, in fattori strategici di sviluppo capaci di dare benefici all\u2019intera comunit\u00e0, per migliorare la qualit\u00e0 della vita dei cittadini. La capacit\u00e0 di integrazione e di progettazione fin qui dimostrata dal Gruppo di Azione Locale (GAL) Terre Pontine, dalle prime due progettazioni territoriali alle quali abbiamo gi\u00e0 consegnato 6,5 milioni di finanziamenti e dalle quattro progettazioni di filiera, testimoniano che il territorio pontino \u00e8 pronto a lavorare insieme, a fare dell\u2019unione una grande forza&#8221;.<\/p>\n<p>\u00a0&#8220;I punti di forza della prossima programmazione &#8211; ha concluso Ricci &#8211; saranno un Pacchetto Giovani pi\u00f9 ricco di opportunit\u00e0, un sistema pi\u00f9 semplice di accesso agli aiuti e una grande attenzione alla qualit\u00e0, da valorizzare e promuovere con tutti gli strumenti a disposizione. Expo 2015 sar\u00e0 sicuramente il nostro primo banco di prova per dare visibilit\u00e0 al sistema agricolo laziale agli occhi del mondo&#8221;.<\/p>\n<p>&nbsp;<\/p>\n<p>&nbsp;<\/p>\n","protected":false},"excerpt":{"rendered":"<p>LATINA &#8211; Parte da Latina la prima tappa di un percorso di ascolto e confronto con\u00a0 chi vive e lavora nelle province per avviare il programma di rilancio del sistema agricolo come fondamentale risorsa economica, perch\u00e9 la programmazione dello Sviluppo Rurale 2014\/2020 sar\u00e0 su misura dei nostri territori.\u00a0Lo ha dichiarato l&#8217;assessore regionale all&#8217;Agricoltura Sonia Ricci [&hellip;]<\/p>\n","protected":false},"author":60,"featured_media":144183,"comment_status":"open","ping_status":"closed","sticky":false,"template":"","format":"standard","meta":{"footnotes":""},"categories":[11],"tags":[],"class_list":["post-144182","post","type-post","status-publish","format-standard","has-post-thumbnail","hentry","category-economia"],"_links":{"self":[{"href":"https:\/\/www.radioluna.it\/news\/wp-json\/wp\/v2\/posts\/144182","targetHints":{"allow":["GET"]}}],"collection":[{"href":"https:\/\/www.radioluna.it\/news\/wp-json\/wp\/v2\/posts"}],"about":[{"href":"https:\/\/www.radioluna.it\/news\/wp-json\/wp\/v2\/types\/post"}],"author":[{"embeddable":true,"href":"https:\/\/www.radioluna.it\/news\/wp-json\/wp\/v2\/users\/60"}],"replies":[{"embeddable":true,"href":"https:\/\/www.radioluna.it\/news\/wp-json\/wp\/v2\/comments?post=144182"}],"version-history":[{"count":0,"href":"https:\/\/www.radioluna.it\/news\/wp-json\/wp\/v2\/posts\/144182\/revisions"}],"wp:featuredmedia":[{"embeddable":true,"href":"https:\/\/www.radioluna.it\/news\/wp-json\/wp\/v2\/media\/144183"}],"wp:attachment":[{"href":"https:\/\/www.radioluna.it\/news\/wp-json\/wp\/v2\/media?parent=144182"}],"wp:term":[{"taxonomy":"category","embeddable":true,"href":"https:\/\/www.radioluna.it\/news\/wp-json\/wp\/v2\/categories?post=144182"},{"taxonomy":"post_tag","embeddable":true,"href":"https:\/\/www.radioluna.it\/news\/wp-json\/wp\/v2\/tags?post=144182"}],"curies":[{"name":"wp","href":"https:\/\/api.w.org\/{rel}","templated":true}]}}