{"id":144210,"date":"2013-12-03T09:29:32","date_gmt":"2013-12-03T08:29:32","guid":{"rendered":"http:\/\/www.radioluna.it\/news\/?p=144210"},"modified":"2013-12-03T09:29:32","modified_gmt":"2013-12-03T08:29:32","slug":"post-di-tiziano-ferro-su-facebook-annuncia-una-sorpresa","status":"publish","type":"post","link":"https:\/\/www.radioluna.it\/news\/2013\/12\/post-di-tiziano-ferro-su-facebook-annuncia-una-sorpresa\/","title":{"rendered":"POST DI TIZIANO FERRO<BR> Su Facebook annuncia una sorpresa"},"content":{"rendered":"<div id=\"fb-root\"><\/div>\n<div id=\"attachment_144211\" style=\"width: 310px\" class=\"wp-caption alignleft\"><a href=\"http:\/\/www.radioluna.it\/news\/wp-content\/uploads\/2013\/12\/facebook.jpg\"><img loading=\"lazy\" decoding=\"async\" aria-describedby=\"caption-attachment-144211\" class=\"size-medium wp-image-144211\" alt=\"facebook\" src=\"http:\/\/www.radioluna.it\/news\/wp-content\/uploads\/2013\/12\/facebook-300x110.jpg\" width=\"300\" height=\"110\" srcset=\"https:\/\/www.radioluna.it\/news\/wp-content\/uploads\/2013\/12\/facebook-300x110.jpg 300w, https:\/\/www.radioluna.it\/news\/wp-content\/uploads\/2013\/12\/facebook-768x282.jpg 768w, https:\/\/www.radioluna.it\/news\/wp-content\/uploads\/2013\/12\/facebook-500x184.jpg 500w, https:\/\/www.radioluna.it\/news\/wp-content\/uploads\/2013\/12\/facebook-800x294.jpg 800w, https:\/\/www.radioluna.it\/news\/wp-content\/uploads\/2013\/12\/facebook.jpg 960w\" sizes=\"auto, (max-width: 300px) 100vw, 300px\" \/><\/a><p id=\"caption-attachment-144211\" class=\"wp-caption-text\">Foto da profilo Facebook<\/p><\/div>\n<p style=\"text-align: justify;\">LATINA &#8211; &#8220;Il 2013 \u00e8 l&#8217;anno che avevo deciso di dedicare alle collaborazioni.\u00a0Dulcis in fundo ONE last surprise&#8217;s coming&#8230;.very very soon! Buon ultimo mese dell&#8217;anno&#8221;.\u00a0Tiziano<\/p>\n<p style=\"text-align: justify;\">E&#8217; il post che Tiziano Ferro ha pubblicato sulla sua pagina Facebook alcune ore fa e che ha gi\u00e0 raccolto pi\u00f9 di 15mila &#8220;mi piace&#8221;. Il cantante (e produttore discografico) di Latina annuncia una novit\u00e0, &#8220;un&#8217;ultima \u00a0sorpresa che \u00a0arriver\u00e0 molto, molto \u00a0presto&#8221;. \u00a0E a questo punto la curiosit\u00e0 \u00e8 massima: a chi allude Tzn? \u00a0Unico indizio, l&#8217;utilizzo della lingua inglese, che farebbe pensare ad un artista internazionale. Non resta che aspettare.<\/p>\n","protected":false},"excerpt":{"rendered":"<p>LATINA &#8211; &#8220;Il 2013 \u00e8 l&#8217;anno che avevo deciso di dedicare alle collaborazioni.\u00a0Dulcis in fundo ONE last surprise&#8217;s coming&#8230;.very very soon! Buon ultimo mese dell&#8217;anno&#8221;.\u00a0Tiziano E&#8217; il post che Tiziano Ferro ha pubblicato sulla sua pagina Facebook alcune ore fa e che ha gi\u00e0 raccolto pi\u00f9 di 15mila &#8220;mi piace&#8221;. Il cantante (e produttore discografico) [&hellip;]<\/p>\n","protected":false},"author":62,"featured_media":144211,"comment_status":"open","ping_status":"closed","sticky":false,"template":"","format":"standard","meta":{"footnotes":""},"categories":[735],"tags":[],"class_list":["post-144210","post","type-post","status-publish","format-standard","has-post-thumbnail","hentry","category-attualita"],"_links":{"self":[{"href":"https:\/\/www.radioluna.it\/news\/wp-json\/wp\/v2\/posts\/144210","targetHints":{"allow":["GET"]}}],"collection":[{"href":"https:\/\/www.radioluna.it\/news\/wp-json\/wp\/v2\/posts"}],"about":[{"href":"https:\/\/www.radioluna.it\/news\/wp-json\/wp\/v2\/types\/post"}],"author":[{"embeddable":true,"href":"https:\/\/www.radioluna.it\/news\/wp-json\/wp\/v2\/users\/62"}],"replies":[{"embeddable":true,"href":"https:\/\/www.radioluna.it\/news\/wp-json\/wp\/v2\/comments?post=144210"}],"version-history":[{"count":0,"href":"https:\/\/www.radioluna.it\/news\/wp-json\/wp\/v2\/posts\/144210\/revisions"}],"wp:featuredmedia":[{"embeddable":true,"href":"https:\/\/www.radioluna.it\/news\/wp-json\/wp\/v2\/media\/144211"}],"wp:attachment":[{"href":"https:\/\/www.radioluna.it\/news\/wp-json\/wp\/v2\/media?parent=144210"}],"wp:term":[{"taxonomy":"category","embeddable":true,"href":"https:\/\/www.radioluna.it\/news\/wp-json\/wp\/v2\/categories?post=144210"},{"taxonomy":"post_tag","embeddable":true,"href":"https:\/\/www.radioluna.it\/news\/wp-json\/wp\/v2\/tags?post=144210"}],"curies":[{"name":"wp","href":"https:\/\/api.w.org\/{rel}","templated":true}]}}