{"id":144239,"date":"2013-12-03T18:18:47","date_gmt":"2013-12-03T17:18:47","guid":{"rendered":"http:\/\/www.radioluna.it\/news\/?p=144239"},"modified":"2013-12-03T18:18:47","modified_gmt":"2013-12-03T17:18:47","slug":"adriano-olivetti-il-convegno-alloasi-di-kufra","status":"publish","type":"post","link":"https:\/\/www.radioluna.it\/news\/2013\/12\/adriano-olivetti-il-convegno-alloasi-di-kufra\/","title":{"rendered":"ADRIANO OLIVETTI<BR> Il convegno all&#8217;Oasi di Kufra"},"content":{"rendered":"<div id=\"fb-root\"><\/div>\n<p style=\"text-align: justify;\"><strong><a href=\"http:\/\/www.radioluna.it\/news\/wp-content\/uploads\/2013\/02\/Roberto-Cecere.jpg\"><img loading=\"lazy\" decoding=\"async\" class=\"alignleft size-medium wp-image-131243\" alt=\"Roberto Cecere\" src=\"http:\/\/www.radioluna.it\/news\/wp-content\/uploads\/2013\/02\/Roberto-Cecere-199x300.jpg\" width=\"199\" height=\"300\" srcset=\"https:\/\/www.radioluna.it\/news\/wp-content\/uploads\/2013\/02\/Roberto-Cecere-199x300.jpg 199w, https:\/\/www.radioluna.it\/news\/wp-content\/uploads\/2013\/02\/Roberto-Cecere.jpg 680w, https:\/\/www.radioluna.it\/news\/wp-content\/uploads\/2013\/02\/Roberto-Cecere-500x753.jpg 500w\" sizes=\"auto, (max-width: 199px) 100vw, 199px\" \/><\/a>SABAUDIA &#8211;<\/strong> &#8221; L&#8217;impulso di Adriano Olivetti nell&#8217;Italia di oggi e di domani&#8221; \u00e8 il tema del convegno organizzato dalla Femca Cisl di Latina che si terr\u00e0 Venerd\u00ec 6 dicembre con inizio alle ore 9.00 presso l&#8217;Oasi di Kufra a Sabaudia. Il segretario generale dei chimici pontini Roberto Cecere, che insieme al segretario generale della Ust Cisl Latina Ewa Blasik aprir\u00e0 i lavori, sottolinea l\u2019importanza di questo momento di confronto e conoscenza :&#8221; abbiamo voluto approfondire l&#8217;opera e la figura di Adriano Olivetti, per \u00a0cercare di metterne in luce la grande contemporaneit\u00e0&#8221;. Tra i relatori della giornata, alla quale prenderanno parte quadri nazionali e provinciali della Femca Cisl, saranno infatti presenti \u00a0Erica Rizziato del Consiglio Nazionale delle Ricerche- Ceris che parler\u00e0 della metodologia alla base del successo dell&#8217;Olivetti di Adriano e \u00a0Giovanni Avonto storico sindacalista piemontese ed attuale Presidente della Fondazione Vera Nocentini che tratter\u00e0 delle \u00a0relazioni sindacali in Olivetti. \u00a0\u201cCon questo convegno &#8220;continua Cecere &#8221; cercheremo di stimolare un confronto sulle idee di Olivetti \u00a0attualizzandole in quella che \u00e8 la profonda crisi in cui si dibatte il sistema produttivo della \u00a0nostra Provincia per individuare soluzioni diverse e partecipate che vedano imprese e lavoratori costruire insieme il futuro delle aziende tramite percorsi di gestione condivisi\u201d. A portare la voce degli imprenditori \u00a0 saranno Paolo Marini Presidente di Confindustria Latina ed Aldo Braca Amministratore Delegato e Presidente della BSP, una delle aziende farmaceutiche pontine emergenti nel panorama nazionale ed internazionale. Al segretario nazionale generale della Femca Cisl Sergio Gigli il compito di trarre le conclusioni del dibattito e dei lavori di gruppo in cui l&#8217;assemblea sar\u00e0 divisa dopo gli interventi dei relatori. *&#8221; Questo convegno \u00a0vuole essere una opportunit\u00e0 di crescita per i nostri quadri sindacali *&#8221; continua Cecere&#8221; *dedicare una giornata a discutere dell&#8217;opera di Adriano Olivetti, con relatori di grande spessore, \u00e8 un&#8217;operazione che ci consentir\u00e0 di approfondire temi che vadano \u00a0verso quel modello di partecipazione attiva dei lavoratori alla vita delle imprese che la Cisl sta perseguendo da tempo. Ripensare il lavoro ed il modo di essere sindaco nelle aziende, cercare i presupposti per conservare e potenziare il lavoro che c\u2019\u00e8, creando le condizioni \u00a0per farne nascere di nuovo, \u00e8 una sfida importante alla quale non possiamo e non dobbiamo sottrarci.\u201d D\u2019altro canto la lezione di Adriano Olivetti e la sua \u201cutopia\u201d di industriale illuminato che ha precorso i tempi, lasciando esempi concreti di buona azienda e di buon lavoro, \u00a0dimostra ancora oggi tutta la sua importanza ed attualit\u00e0. \u201d Insegnamenti che non possiamo lasciare correre e che dobbiamo fare nostri\u201d conclude Cecere \u201d perch\u00e9 la profonda crisi che stiamo vivendo in questo Paese, a tutti i livelli, si affronta e si supera solo con un organico gioco di squadra. Un concetto che Adriano Olivetti aveva ben impresso nella mente ed \u00e8 stato il motivo conduttore della sua azione di imprenditore e di uomo &#8220;.<\/p>\n","protected":false},"excerpt":{"rendered":"<p>SABAUDIA &#8211; &#8221; L&#8217;impulso di Adriano Olivetti nell&#8217;Italia di oggi e di domani&#8221; \u00e8 il tema del convegno organizzato dalla Femca Cisl di Latina che si terr\u00e0 Venerd\u00ec 6 dicembre con inizio alle ore 9.00 presso l&#8217;Oasi di Kufra a Sabaudia. Il segretario generale dei chimici pontini Roberto Cecere, che insieme al segretario generale della [&hellip;]<\/p>\n","protected":false},"author":60,"featured_media":131243,"comment_status":"open","ping_status":"closed","sticky":false,"template":"","format":"standard","meta":{"footnotes":""},"categories":[16,11],"tags":[],"class_list":["post-144239","post","type-post","status-publish","format-standard","has-post-thumbnail","hentry","category-appuntamenti","category-economia"],"_links":{"self":[{"href":"https:\/\/www.radioluna.it\/news\/wp-json\/wp\/v2\/posts\/144239","targetHints":{"allow":["GET"]}}],"collection":[{"href":"https:\/\/www.radioluna.it\/news\/wp-json\/wp\/v2\/posts"}],"about":[{"href":"https:\/\/www.radioluna.it\/news\/wp-json\/wp\/v2\/types\/post"}],"author":[{"embeddable":true,"href":"https:\/\/www.radioluna.it\/news\/wp-json\/wp\/v2\/users\/60"}],"replies":[{"embeddable":true,"href":"https:\/\/www.radioluna.it\/news\/wp-json\/wp\/v2\/comments?post=144239"}],"version-history":[{"count":0,"href":"https:\/\/www.radioluna.it\/news\/wp-json\/wp\/v2\/posts\/144239\/revisions"}],"wp:featuredmedia":[{"embeddable":true,"href":"https:\/\/www.radioluna.it\/news\/wp-json\/wp\/v2\/media\/131243"}],"wp:attachment":[{"href":"https:\/\/www.radioluna.it\/news\/wp-json\/wp\/v2\/media?parent=144239"}],"wp:term":[{"taxonomy":"category","embeddable":true,"href":"https:\/\/www.radioluna.it\/news\/wp-json\/wp\/v2\/categories?post=144239"},{"taxonomy":"post_tag","embeddable":true,"href":"https:\/\/www.radioluna.it\/news\/wp-json\/wp\/v2\/tags?post=144239"}],"curies":[{"name":"wp","href":"https:\/\/api.w.org\/{rel}","templated":true}]}}