{"id":144267,"date":"2013-12-04T12:45:33","date_gmt":"2013-12-04T11:45:33","guid":{"rendered":"http:\/\/www.radioluna.it\/news\/?p=144267"},"modified":"2013-12-05T12:17:09","modified_gmt":"2013-12-05T11:17:09","slug":"andreoli-contro-giani-i-pontini-affrontano-il-verona-dellatleta-di-sabaudia","status":"publish","type":"post","link":"https:\/\/www.radioluna.it\/news\/2013\/12\/andreoli-contro-giani-i-pontini-affrontano-il-verona-dellatleta-di-sabaudia\/","title":{"rendered":"ANDREOLI CONTRO GIANI<BR> I pontini affrontano il Verona dell&#8217;atleta di Sabaudia"},"content":{"rendered":"<div id=\"fb-root\"><\/div>\n<div id=\"attachment_144268\" style=\"width: 310px\" class=\"wp-caption alignleft\"><a href=\"http:\/\/www.radioluna.it\/news\/wp-content\/uploads\/2013\/12\/Giani.jpg\"><img loading=\"lazy\" decoding=\"async\" aria-describedby=\"caption-attachment-144268\" class=\"size-full wp-image-144268\" alt=\"Andrea Giani, figlio di un canottiere, \u00e8 vissuto a Sabaudia dove alle scuole medie si appassion\u00f2 alla pallavolo  \" src=\"http:\/\/www.radioluna.it\/news\/wp-content\/uploads\/2013\/12\/Giani.jpg\" width=\"300\" height=\"225\" \/><\/a><p id=\"caption-attachment-144268\" class=\"wp-caption-text\">Andrea Giani, figlio di un canottiere, \u00e8 vissuto a Sabaudia dove alle scuole medie si appassion\u00f2 alla pallavolo<\/p><\/div>\n<p style=\"text-align: justify;\">LATINA &#8211;\u00a0L\u2019Andreoli torna in campo domani alle 20.30 a Verona per il recupero della sesta giornata. Recupero dovuto all\u2019impegno dei pontini il 27 novembre in Challenge Cup dove hanno guadagnato la qualificazione ai sedicesimi di finale. Avversario la Calzedonia di Andrea Giani, l&#8217;atleta di Sabaudia strappato al canottaggio, che dopo una bella carriera da giocatore si \u00e8 seduto in panchina e oggi ha all\u2019attivo nove punti grazie a tre vittorie e tre sconfitte.\u00a0Andrea Giani potrebbe quindi schierare Boninfante al palleggio e Gasparini opposto, Anzani e Zingel al centro, White e Ter Host schiacciatori, Pesaresi libero. A parte Boninfante tutti gli altri del sestetto sono sopra ai 2 metri.<\/p>\n<p style=\"text-align: justify;\">\u00a0Roberto Santilli pu\u00f2 riproporre la formazione di partenza di domenica con Piacenza con Sottile in regia e Starovic opposto, Gitto e Verhees al centro, Skrimov e Fragkos, Rossini libero, con la possibilit\u00e0 di sfruttare la panchina come ha sempre fatto nel corso della stagione.<\/p>\n<p style=\"text-align: justify;\">\u00a0I precedenti sono a favore di Verona, nelle 16 gare giocate in A1 9 sono andati a favore dei veneti e 7 per Latina, negli scontri diretti a Verona il bilancio per\u00f2 \u00e8 7 vittorie dei locali e solo un dei pontini (la scorsa stagione il 14 ottobre nella 2\u00b0 di campionato).<\/p>\n<p style=\"text-align: justify;\">\u00a0Nelle file della Calzedonia un solo ex, il vice allenatore Matteo De Cecco che ha giocato a Latina nel 2008-09 per poi passare al ruolo di secondo di Medei nel biennio 2010-12, dall\u2019altra parte della rete Daniele Sottile tre stagioni (2007-10) e Roberto Santilli nel 1998-99.<\/p>\n<p>&nbsp;<\/p>\n<p>&nbsp;<\/p>\n<p>&nbsp;<\/p>\n<p>Daniele Sottile: \u201dPer noi \u00e8 una partita importantissima perch\u00e9 la nostra classifica non \u00e8 delle migliori. Andiamo per cercare la vittoria. Non sar\u00e0 facile perch\u00e9 stanno giocando una buona pallavolo ma dobbiamo fare il nostro meglio per portare a casa dei punti preziosi\u201d.<\/p>\n<p>&nbsp;<\/p>\n<p>&nbsp;<\/p>\n<p>&nbsp;<\/p>\n<p>Roberto Santilli: \u201cVerona \u00e8 una squadra molto fisica, atleticamente molto ostica, con giocatori alti e solidi, contro la quale bisogna giocare bene. Credo che ora il nostro livello sia tale da poter andare a Verona per vincere, ne abbiamo le capacit\u00e0. \u00c8 il momento di raccogliere\u201d.<\/p>\n<p>&nbsp;<\/p>\n<p>Posticipo 6a giornata di andata Serie A1<\/p>\n<p>Gioved\u00ec 5 dicembre ore 20.30<\/p>\n<p>Calzedonia Verona \u2013 Andreoli Latina (arb. Saltalippi-Padoan)<\/p>\n<p>Classifica: Macerata 20; Piacenza 17; Trento 16; Perugia 12; Verona*, Molfetta, Modena 9; Citt\u00e0 di Castello 8; Cuneo, Vibo Valentia 7; Ravenna 5; Latina 4.<\/p>\n<p>&nbsp;<\/p>\n","protected":false},"excerpt":{"rendered":"<p>LATINA &#8211;\u00a0L\u2019Andreoli torna in campo domani alle 20.30 a Verona per il recupero della sesta giornata. Recupero dovuto all\u2019impegno dei pontini il 27 novembre in Challenge Cup dove hanno guadagnato la qualificazione ai sedicesimi di finale. Avversario la Calzedonia di Andrea Giani, l&#8217;atleta di Sabaudia strappato al canottaggio, che dopo una bella carriera da giocatore [&hellip;]<\/p>\n","protected":false},"author":62,"featured_media":144268,"comment_status":"open","ping_status":"closed","sticky":false,"template":"","format":"standard","meta":{"footnotes":""},"categories":[17],"tags":[],"class_list":["post-144267","post","type-post","status-publish","format-standard","has-post-thumbnail","hentry","category-sport"],"_links":{"self":[{"href":"https:\/\/www.radioluna.it\/news\/wp-json\/wp\/v2\/posts\/144267","targetHints":{"allow":["GET"]}}],"collection":[{"href":"https:\/\/www.radioluna.it\/news\/wp-json\/wp\/v2\/posts"}],"about":[{"href":"https:\/\/www.radioluna.it\/news\/wp-json\/wp\/v2\/types\/post"}],"author":[{"embeddable":true,"href":"https:\/\/www.radioluna.it\/news\/wp-json\/wp\/v2\/users\/62"}],"replies":[{"embeddable":true,"href":"https:\/\/www.radioluna.it\/news\/wp-json\/wp\/v2\/comments?post=144267"}],"version-history":[{"count":0,"href":"https:\/\/www.radioluna.it\/news\/wp-json\/wp\/v2\/posts\/144267\/revisions"}],"wp:featuredmedia":[{"embeddable":true,"href":"https:\/\/www.radioluna.it\/news\/wp-json\/wp\/v2\/media\/144268"}],"wp:attachment":[{"href":"https:\/\/www.radioluna.it\/news\/wp-json\/wp\/v2\/media?parent=144267"}],"wp:term":[{"taxonomy":"category","embeddable":true,"href":"https:\/\/www.radioluna.it\/news\/wp-json\/wp\/v2\/categories?post=144267"},{"taxonomy":"post_tag","embeddable":true,"href":"https:\/\/www.radioluna.it\/news\/wp-json\/wp\/v2\/tags?post=144267"}],"curies":[{"name":"wp","href":"https:\/\/api.w.org\/{rel}","templated":true}]}}