{"id":144270,"date":"2013-12-04T13:06:36","date_gmt":"2013-12-04T12:06:36","guid":{"rendered":"http:\/\/www.radioluna.it\/news\/?p=144270"},"modified":"2013-12-05T12:16:20","modified_gmt":"2013-12-05T11:16:20","slug":"libri-per-bimbi-malati-di-cancro-iniziativa-in-ricordo-di-giacomo","status":"publish","type":"post","link":"https:\/\/www.radioluna.it\/news\/2013\/12\/libri-per-bimbi-malati-di-cancro-iniziativa-in-ricordo-di-giacomo\/","title":{"rendered":"LIBRI PER BIMBI MALATI DI CANCRO<BR> Iniziativa in ricordo di Giacomo"},"content":{"rendered":"<div id=\"fb-root\"><\/div>\n<p style=\"text-align: justify;\"><strong><a href=\"http:\/\/www.radioluna.it\/news\/wp-content\/uploads\/2012\/05\/397372_3028221303081_1189287845_33371297_1157595490_n.jpg\"><img loading=\"lazy\" decoding=\"async\" class=\"alignleft size-medium wp-image-119784\" alt=\"FELTRINELLI\" src=\"http:\/\/www.radioluna.it\/news\/wp-content\/uploads\/2012\/05\/397372_3028221303081_1189287845_33371297_1157595490_n-300x200.jpg\" width=\"300\" height=\"200\" srcset=\"https:\/\/www.radioluna.it\/news\/wp-content\/uploads\/2012\/05\/397372_3028221303081_1189287845_33371297_1157595490_n-300x200.jpg 300w, https:\/\/www.radioluna.it\/news\/wp-content\/uploads\/2012\/05\/397372_3028221303081_1189287845_33371297_1157595490_n-768x514.jpg 768w, https:\/\/www.radioluna.it\/news\/wp-content\/uploads\/2012\/05\/397372_3028221303081_1189287845_33371297_1157595490_n-500x334.jpg 500w, https:\/\/www.radioluna.it\/news\/wp-content\/uploads\/2012\/05\/397372_3028221303081_1189287845_33371297_1157595490_n-600x400.jpg 600w, https:\/\/www.radioluna.it\/news\/wp-content\/uploads\/2012\/05\/397372_3028221303081_1189287845_33371297_1157595490_n-800x535.jpg 800w, https:\/\/www.radioluna.it\/news\/wp-content\/uploads\/2012\/05\/397372_3028221303081_1189287845_33371297_1157595490_n.jpg 960w\" sizes=\"auto, (max-width: 300px) 100vw, 300px\" \/><\/a>LATINA<\/strong> &#8211;\u00a0Oggi pomeriggio alle 18.00 presso la libreria Feltrinelli di Latina, ci sar\u00e0 la presentazione di un&#8217;iniziativa dedicata ai bambini malati di cancro in cura presso l&#8217;ospedale di Latina. L&#8217;iniziativa \u00e8 promossa da Monica Calabresi, \u00a0la mamma di Giacomo, scomparso a soli 4 anni a causa di un tumore, e servir\u00e0 a sostenere le attivit\u00e0 benefiche dell&#8217;associazione Giacomo Cianchetti Onlus da lei fondata. Oggi si parler\u00e0 di libri. Ci sono, infatti, quattro librerie di Latina (tra cui la Feltrinelli) che hanno deciso di donare i primi volumi che andranno a formare le piccole biblioteche speciali che i bambini potranno trovare all&#8217;interno della Asl di piazza Celli e all&#8217;interno del reparto oncologico di Latina.<\/p>\n<p>&nbsp;<\/p>\n","protected":false},"excerpt":{"rendered":"<p>LATINA &#8211;\u00a0Oggi pomeriggio alle 18.00 presso la libreria Feltrinelli di Latina, ci sar\u00e0 la presentazione di un&#8217;iniziativa dedicata ai bambini malati di cancro in cura presso l&#8217;ospedale di Latina. L&#8217;iniziativa \u00e8 promossa da Monica Calabresi, \u00a0la mamma di Giacomo, scomparso a soli 4 anni a causa di un tumore, e servir\u00e0 a sostenere le attivit\u00e0 [&hellip;]<\/p>\n","protected":false},"author":62,"featured_media":119784,"comment_status":"open","ping_status":"closed","sticky":false,"template":"","format":"standard","meta":{"footnotes":""},"categories":[16],"tags":[],"class_list":["post-144270","post","type-post","status-publish","format-standard","has-post-thumbnail","hentry","category-appuntamenti"],"_links":{"self":[{"href":"https:\/\/www.radioluna.it\/news\/wp-json\/wp\/v2\/posts\/144270","targetHints":{"allow":["GET"]}}],"collection":[{"href":"https:\/\/www.radioluna.it\/news\/wp-json\/wp\/v2\/posts"}],"about":[{"href":"https:\/\/www.radioluna.it\/news\/wp-json\/wp\/v2\/types\/post"}],"author":[{"embeddable":true,"href":"https:\/\/www.radioluna.it\/news\/wp-json\/wp\/v2\/users\/62"}],"replies":[{"embeddable":true,"href":"https:\/\/www.radioluna.it\/news\/wp-json\/wp\/v2\/comments?post=144270"}],"version-history":[{"count":0,"href":"https:\/\/www.radioluna.it\/news\/wp-json\/wp\/v2\/posts\/144270\/revisions"}],"wp:featuredmedia":[{"embeddable":true,"href":"https:\/\/www.radioluna.it\/news\/wp-json\/wp\/v2\/media\/119784"}],"wp:attachment":[{"href":"https:\/\/www.radioluna.it\/news\/wp-json\/wp\/v2\/media?parent=144270"}],"wp:term":[{"taxonomy":"category","embeddable":true,"href":"https:\/\/www.radioluna.it\/news\/wp-json\/wp\/v2\/categories?post=144270"},{"taxonomy":"post_tag","embeddable":true,"href":"https:\/\/www.radioluna.it\/news\/wp-json\/wp\/v2\/tags?post=144270"}],"curies":[{"name":"wp","href":"https:\/\/api.w.org\/{rel}","templated":true}]}}