{"id":144356,"date":"2013-12-06T11:32:00","date_gmt":"2013-12-06T10:32:00","guid":{"rendered":"http:\/\/www.radioluna.it\/news\/?p=144356"},"modified":"2013-12-06T11:34:20","modified_gmt":"2013-12-06T10:34:20","slug":"sanita-nel-lazio-meno-posti-letto-via-le-macroaree-arrivano-le-case-della-salute-sopralluogo-a-sezze","status":"publish","type":"post","link":"https:\/\/www.radioluna.it\/news\/2013\/12\/sanita-nel-lazio-meno-posti-letto-via-le-macroaree-arrivano-le-case-della-salute-sopralluogo-a-sezze\/","title":{"rendered":"SANITA&#8217; NEL LAZIO, MENO POSTI LETTO<BR> Via le macroaree, arrivano le Case della salute<br> Sopralluogo a Sezze"},"content":{"rendered":"<div id=\"fb-root\"><\/div>\n<p style=\"text-align: justify;\"><strong><a href=\"http:\/\/www.radioluna.it\/news\/wp-content\/uploads\/2010\/05\/sanit\u00e0-cliniche.jpg\"><img loading=\"lazy\" decoding=\"async\" class=\"size-full wp-image-3177 alignleft\" alt=\"sanit\u00e0-cliniche\" src=\"http:\/\/www.radioluna.it\/news\/wp-content\/uploads\/2010\/05\/sanit\u00e0-cliniche.jpg\" width=\"200\" height=\"200\" srcset=\"https:\/\/www.radioluna.it\/news\/wp-content\/uploads\/2010\/05\/sanit\u00e0-cliniche.jpg 200w, https:\/\/www.radioluna.it\/news\/wp-content\/uploads\/2010\/05\/sanit\u00e0-cliniche-150x150.jpg 150w, https:\/\/www.radioluna.it\/news\/wp-content\/uploads\/2010\/05\/sanit\u00e0-cliniche-80x80.jpg 80w, https:\/\/www.radioluna.it\/news\/wp-content\/uploads\/2010\/05\/sanit\u00e0-cliniche-70x70.jpg 70w, https:\/\/www.radioluna.it\/news\/wp-content\/uploads\/2010\/05\/sanit\u00e0-cliniche-110x110.jpg 110w\" sizes=\"auto, (max-width: 200px) 100vw, 200px\" \/><\/a>LATINA<\/strong> &#8211;\u00a0Meno posti letto, abolizione delle macroaree, ok alle Case della salute. E\u2019 in estrema sintesi il nuovo sistema sanitario del Lazio che perder\u00e0 892 posti senza che venga chiuso alcun ospedale. Secondo quanto annunciato dal Presidente della Regione, Nicola Zingaretti, la riduzione riguarder\u00e0 in particolare l&#8217;area chirurgica per 527 posti letto, quella materno-infantile per 211, l&#8217;area medica per altri 211 posti letto (compresi 264 posti di day hospital). Saranno incrementati invece di 109 unita i posti letto dell&#8217;area critica (unit\u00e0 di trattamento neurovascolare).<\/p>\n<p style=\"text-align: justify;\">Oltre alla riduzione di posti letto, saranno applicati altri due principi fondamentali: la riconversione delle strutture, con la sperimentazione dei week hospital, le case della salute di cui una nascer\u00e0 a Sezze. Sparisce anche il contestato sistema delle &#8220;macroaree&#8221; invenzione della giunta Polverini (che aveva inserito la Asl Latina nella macroarea del San Camillo): la dotazione di posti letto sar\u00e0 basata \u00a0 &#8211; promette il Governatore &#8211; sui reali fabbisogni e nel rispetto dei livelli essenziali di assistenza.<\/p>\n<p style=\"text-align: justify;\"><strong>LE CASE DELLA SALUTE<\/strong> &#8211;\u00a0Le prime quattro Case della Salute della Regione Lazio apriranno a Rocca Priora (provincia di Roma), a Sezze (Latina), a Pontecorvo (Frosinone) mentre nella capitale la struttura sanitaria di territorio sar\u00e0 aperta al Santa Caterina della Rosa, a largo Preneste. Ad annunciarlo nel corso della presentazione dei Programmi operativi 2013-15 il presidente della Regione Lazio Nicola Zingaretti e il capo della cabina di regia sulla sanit\u00e0 Alessio D&#8217;Amato. \u00abConfermo il mio obiettivo dell&#8217;apertura delle Case della Salute entro l&#8217;anno &#8211; ha detto Zingaretti &#8211; Ieri sono stati fatti nuovi sopralluoghi per le prime quattro, e sono stati gi\u00e0 avviati dei tavoli con i sindacati perch\u00e8 naturalmente ci sono problemi di riconversione e di allestimento legati ai piani operativi, perch\u00e8 dobbiamo avere l&#8217;accortezza di aprire strutture che poi funzionano. Dateci una settimana e presenteremo una mappatura &#8211; ha concluso &#8211; Stiamo inoltre lavorando con i medici di medicina generale che ci porteranno a fine anno a un grande accordo strategico per coinvolgerli finalmente in questa riforma\u00bb.<\/p>\n<p style=\"text-align: justify;\">Intanto la Regione Lazio e i sindacati hanno siglato un accordo per la proroga a tutto il 2014 del contratto di lavoro per i 2.700 precari impegnati nella sanit\u00e0.<\/p>\n<div class=\"radio-posizionamento-telefono-in-articoli-dopo-il-contenuto-articolo radio-entity-placement\" id=\"radio-103695717\"><div id=\"radio-3163099080\" style=\"width: 300px;height: 250px;\"><a href=\"https:\/\/www.icarspa.it\/auto\/usate\/latina\/\" aria-label=\"banner aprile icar new life &#8211; auto usate latina\"><img loading=\"lazy\" decoding=\"async\" src=\"https:\/\/www.radioluna.it\/news\/wp-content\/uploads\/2026\/02\/banner-aprile-icar-new-life-auto-usate-latina.gif\" alt=\"\"  width=\"300\" height=\"250\"   \/><\/a><\/div><\/div>","protected":false},"excerpt":{"rendered":"<p>LATINA &#8211;\u00a0Meno posti letto, abolizione delle macroaree, ok alle Case della salute. E\u2019 in estrema sintesi il nuovo sistema sanitario del Lazio che perder\u00e0 892 posti senza che venga chiuso alcun ospedale. Secondo quanto annunciato dal Presidente della Regione, Nicola Zingaretti, la riduzione riguarder\u00e0 in particolare l&#8217;area chirurgica per 527 posti letto, quella materno-infantile per [&hellip;]<\/p>\n","protected":false},"author":62,"featured_media":3177,"comment_status":"open","ping_status":"closed","sticky":false,"template":"","format":"standard","meta":{"footnotes":""},"categories":[7],"tags":[],"class_list":["post-144356","post","type-post","status-publish","format-standard","has-post-thumbnail","hentry","category-cronaca"],"_links":{"self":[{"href":"https:\/\/www.radioluna.it\/news\/wp-json\/wp\/v2\/posts\/144356","targetHints":{"allow":["GET"]}}],"collection":[{"href":"https:\/\/www.radioluna.it\/news\/wp-json\/wp\/v2\/posts"}],"about":[{"href":"https:\/\/www.radioluna.it\/news\/wp-json\/wp\/v2\/types\/post"}],"author":[{"embeddable":true,"href":"https:\/\/www.radioluna.it\/news\/wp-json\/wp\/v2\/users\/62"}],"replies":[{"embeddable":true,"href":"https:\/\/www.radioluna.it\/news\/wp-json\/wp\/v2\/comments?post=144356"}],"version-history":[{"count":0,"href":"https:\/\/www.radioluna.it\/news\/wp-json\/wp\/v2\/posts\/144356\/revisions"}],"wp:featuredmedia":[{"embeddable":true,"href":"https:\/\/www.radioluna.it\/news\/wp-json\/wp\/v2\/media\/3177"}],"wp:attachment":[{"href":"https:\/\/www.radioluna.it\/news\/wp-json\/wp\/v2\/media?parent=144356"}],"wp:term":[{"taxonomy":"category","embeddable":true,"href":"https:\/\/www.radioluna.it\/news\/wp-json\/wp\/v2\/categories?post=144356"},{"taxonomy":"post_tag","embeddable":true,"href":"https:\/\/www.radioluna.it\/news\/wp-json\/wp\/v2\/tags?post=144356"}],"curies":[{"name":"wp","href":"https:\/\/api.w.org\/{rel}","templated":true}]}}