{"id":144390,"date":"2013-12-07T13:04:54","date_gmt":"2013-12-07T12:04:54","guid":{"rendered":"http:\/\/www.radioluna.it\/news\/?p=144390"},"modified":"2013-12-07T13:04:54","modified_gmt":"2013-12-07T12:04:54","slug":"allabbazia-di-valvisciolonatale-cistercensis-prodotti-di-abbazia-e-non-solo","status":"publish","type":"post","link":"https:\/\/www.radioluna.it\/news\/2013\/12\/allabbazia-di-valvisciolonatale-cistercensis-prodotti-di-abbazia-e-non-solo\/","title":{"rendered":"ALL&#8217;ABBAZIA DI VALVISCIOLO<BR>Natale Cistercensis, prodotti di Abbazia e non solo"},"content":{"rendered":"<div id=\"fb-root\"><\/div>\n<div id=\"attachment_144392\" style=\"width: 370px\" class=\"wp-caption alignleft\"><a href=\"http:\/\/www.radioluna.it\/news\/wp-content\/uploads\/2013\/12\/VALVISCIOLO.jpg\"><img loading=\"lazy\" decoding=\"async\" aria-describedby=\"caption-attachment-144392\" class=\" wp-image-144392  \" alt=\"L'Abbazia di Valvisciolo\" src=\"http:\/\/www.radioluna.it\/news\/wp-content\/uploads\/2013\/12\/VALVISCIOLO.jpg\" width=\"360\" height=\"270\" srcset=\"https:\/\/www.radioluna.it\/news\/wp-content\/uploads\/2013\/12\/VALVISCIOLO.jpg 1000w, https:\/\/www.radioluna.it\/news\/wp-content\/uploads\/2013\/12\/VALVISCIOLO-768x576.jpg 768w, https:\/\/www.radioluna.it\/news\/wp-content\/uploads\/2013\/12\/VALVISCIOLO-500x375.jpg 500w, https:\/\/www.radioluna.it\/news\/wp-content\/uploads\/2013\/12\/VALVISCIOLO-300x225.jpg 300w, https:\/\/www.radioluna.it\/news\/wp-content\/uploads\/2013\/12\/VALVISCIOLO-800x600.jpg 800w\" sizes=\"auto, (max-width: 360px) 100vw, 360px\" \/><\/a><p id=\"caption-attachment-144392\" class=\"wp-caption-text\">L&#8217;Abbazia di Valvisciolo<\/p><\/div>\n<p style=\"text-align: justify;\">SERMONETA &#8211;\u00a0L&#8217;Associazione \u201cAbbazia di Valvisciolo\u201d ha organizzato, con il patrocinio del Comune di Sermoneta, la manifestazione \u201cNatale Cistercensis \u2013 colori, sapori ed odori dei prodotti di Abbazia e non solo\u201d. L&#8217;appuntamento \u00e8 per domani, domenica 8 dicembre, per tutta la giornata. Un viaggio nella produzione dei monaci cistercensi dell&#8217;abbazia di Valvisciolo, che da secoli promuovono e tramandano gli antichi saperi sulla produzione di vino, miele, dolci.<\/p>\n<p style=\"text-align: justify;\">Si inizier\u00e0 alle ore 9.30 con l&#8217;apertura degli espositori, alle 10.00 si dar\u00e0 il via al Mercatino di Natale e alle 11.30 Santa Messa, accompagnata dal Coro dell&#8217;Abbazia.<\/p>\n<p style=\"text-align: justify;\">Tutti invitati al pranzo delle ore 13; il mercatino andr\u00e0 avanti per tutto il pomeriggio e, alle ore 18.30, sar\u00e0 ufficialmente acceso l&#8217;albero di natale dell&#8217;Abbazia, con un&#8217;atmosfera resa ancora pi\u00f9 suggestiva dall&#8217;accompagnamento del Coro dell&#8217;Associazione Nazionale Carabinieri di Sermoneta diretta dal M\u00b0 Angela Rita Giugliano.<\/p>\n<p style=\"text-align: justify;\">I visitatori, sempre a Valvisciolo troveranno aperta anche la mostra \u201cBetlemme, culla del Messia\u201d, nella sala capitolare ad ingresso gratuito, organizzata dall&#8217;Ordine Equestre del Santo Sepolcro di Gerusalemme con il patrocinio del Comune di Sermoneta.<\/p>\n<p style=\"text-align: justify;\">Per chi vorr\u00e0 visitare il centro Storico di Sermoneta, invece, trover\u00e0 allestiti i \u201cpresepi nel borgo\u201d, diorami in vicoli e palazzi storici del centro medievale realizzati dagli artigiani locali. Sotto la Loggia dei mercanti ci sar\u00e0 invece la \u201cFesta del Povero\u201d, a cura dell&#8217;Associazione William Morris, in collaborazione con Emergency. Gli altri appuntamenti del natale a Sermoneta su <a href=\"http:\/\/www.comunedisermoneta.it\/\">www.comunedisermoneta.it<\/a>.<\/p>\n<div class=\"radio-posizionamento-telefono-in-articoli-dopo-il-contenuto-articolo radio-entity-placement\" id=\"radio-2353038\"><div id=\"radio-2804661689\" style=\"width: 300px;height: 250px;\"><a href=\"https:\/\/www.icarspa.it\/auto\/usate\/latina\/\" aria-label=\"banner aprile icar new life &#8211; auto usate latina\"><img loading=\"lazy\" decoding=\"async\" src=\"https:\/\/www.radioluna.it\/news\/wp-content\/uploads\/2026\/02\/banner-aprile-icar-new-life-auto-usate-latina.gif\" alt=\"\"  width=\"300\" height=\"250\"   \/><\/a><\/div><\/div>","protected":false},"excerpt":{"rendered":"<p>SERMONETA &#8211;\u00a0L&#8217;Associazione \u201cAbbazia di Valvisciolo\u201d ha organizzato, con il patrocinio del Comune di Sermoneta, la manifestazione \u201cNatale Cistercensis \u2013 colori, sapori ed odori dei prodotti di Abbazia e non solo\u201d. L&#8217;appuntamento \u00e8 per domani, domenica 8 dicembre, per tutta la giornata. Un viaggio nella produzione dei monaci cistercensi dell&#8217;abbazia di Valvisciolo, che da secoli promuovono [&hellip;]<\/p>\n","protected":false},"author":60,"featured_media":144392,"comment_status":"open","ping_status":"closed","sticky":false,"template":"","format":"standard","meta":{"footnotes":""},"categories":[16],"tags":[],"class_list":["post-144390","post","type-post","status-publish","format-standard","has-post-thumbnail","hentry","category-appuntamenti"],"_links":{"self":[{"href":"https:\/\/www.radioluna.it\/news\/wp-json\/wp\/v2\/posts\/144390","targetHints":{"allow":["GET"]}}],"collection":[{"href":"https:\/\/www.radioluna.it\/news\/wp-json\/wp\/v2\/posts"}],"about":[{"href":"https:\/\/www.radioluna.it\/news\/wp-json\/wp\/v2\/types\/post"}],"author":[{"embeddable":true,"href":"https:\/\/www.radioluna.it\/news\/wp-json\/wp\/v2\/users\/60"}],"replies":[{"embeddable":true,"href":"https:\/\/www.radioluna.it\/news\/wp-json\/wp\/v2\/comments?post=144390"}],"version-history":[{"count":0,"href":"https:\/\/www.radioluna.it\/news\/wp-json\/wp\/v2\/posts\/144390\/revisions"}],"wp:featuredmedia":[{"embeddable":true,"href":"https:\/\/www.radioluna.it\/news\/wp-json\/wp\/v2\/media\/144392"}],"wp:attachment":[{"href":"https:\/\/www.radioluna.it\/news\/wp-json\/wp\/v2\/media?parent=144390"}],"wp:term":[{"taxonomy":"category","embeddable":true,"href":"https:\/\/www.radioluna.it\/news\/wp-json\/wp\/v2\/categories?post=144390"},{"taxonomy":"post_tag","embeddable":true,"href":"https:\/\/www.radioluna.it\/news\/wp-json\/wp\/v2\/tags?post=144390"}],"curies":[{"name":"wp","href":"https:\/\/api.w.org\/{rel}","templated":true}]}}