{"id":144431,"date":"2013-12-09T17:12:51","date_gmt":"2013-12-09T16:12:51","guid":{"rendered":"http:\/\/www.radioluna.it\/news\/?p=144431"},"modified":"2013-12-10T11:28:57","modified_gmt":"2013-12-10T10:28:57","slug":"latina-incidente-mortale-ciclista-investito-da-un-furgone","status":"publish","type":"post","link":"https:\/\/www.radioluna.it\/news\/2013\/12\/latina-incidente-mortale-ciclista-investito-da-un-furgone\/","title":{"rendered":"LATINA: INCIDENTE MORTALE <BR> Ciclista investito da un furgone"},"content":{"rendered":"<div id=\"fb-root\"><\/div>\n<p><a href=\"http:\/\/www.radioluna.it\/news\/wp-content\/uploads\/2011\/11\/ambulanza-ok.jpg\"><img loading=\"lazy\" decoding=\"async\" class=\"alignleft size-thumbnail wp-image-111534\" alt=\"ambulanza-ok\" src=\"http:\/\/www.radioluna.it\/news\/wp-content\/uploads\/2011\/11\/ambulanza-ok-150x150.jpg\" width=\"150\" height=\"150\" srcset=\"https:\/\/www.radioluna.it\/news\/wp-content\/uploads\/2011\/11\/ambulanza-ok-150x150.jpg 150w, https:\/\/www.radioluna.it\/news\/wp-content\/uploads\/2011\/11\/ambulanza-ok-300x300.jpg 300w, https:\/\/www.radioluna.it\/news\/wp-content\/uploads\/2011\/11\/ambulanza-ok-50x50.jpg 50w, https:\/\/www.radioluna.it\/news\/wp-content\/uploads\/2011\/11\/ambulanza-ok-80x80.jpg 80w\" sizes=\"auto, (max-width: 150px) 100vw, 150px\" \/><\/a><\/p>\n<p style=\"text-align: justify;\">LATINA- Un ciclista di 66 anni \u00e8 stato investito questa mattina da un furgone. L\u2019incidente \u00e8 avvenuto poco prima delle 11, sulla Pontina, all&#8217;altezza di Latina nei pressi dello svincolo per Piccarello. Subito \u00e8 scattato l&#8217;allarme ai soccorritori che sono prontamente intervenuti e l&#8217;uomo \u00e8 morto dopo l&#8217;arrivo in ospedale al Santa Maria Goretti. La dinamica dell&#8217;incidente \u00e8 in fase di ricostruzione da parte della polizia stradale di Terracina.<\/p>\n<p style=\"text-align: justify;\">\n<div class=\"radio-posizionamento-telefono-in-articoli-dopo-il-contenuto-articolo radio-entity-placement\" id=\"radio-4086012568\"><div id=\"radio-681580579\"><a href=\"https:\/\/www.simeoneceramiche.com\/\" aria-label=\"SIMEONE CERAMICHE GIF animata per radioluna_Tavola disegno 1 copia 2 (online-video-cutter.com)\"><img loading=\"lazy\" decoding=\"async\" src=\"https:\/\/www.radioluna.it\/news\/wp-content\/uploads\/2025\/05\/SIMEONE-CERAMICHE-GIF-animata-per-radioluna_Tavola-disegno-1-copia-2-online-video-cutter.com_.gif\" alt=\"\"  width=\"300\" height=\"250\"   \/><\/a><\/div><\/div>","protected":false},"excerpt":{"rendered":"<p>LATINA- Un ciclista di 66 anni \u00e8 stato investito questa mattina da un furgone. L\u2019incidente \u00e8 avvenuto poco prima delle 11, sulla Pontina, all&#8217;altezza di Latina nei pressi dello svincolo per Piccarello. Subito \u00e8 scattato l&#8217;allarme ai soccorritori che sono prontamente intervenuti e l&#8217;uomo \u00e8 morto dopo l&#8217;arrivo in ospedale al Santa Maria Goretti. La [&hellip;]<\/p>\n","protected":false},"author":60,"featured_media":111534,"comment_status":"open","ping_status":"closed","sticky":false,"template":"","format":"standard","meta":{"footnotes":""},"categories":[7],"tags":[],"class_list":["post-144431","post","type-post","status-publish","format-standard","has-post-thumbnail","hentry","category-cronaca"],"_links":{"self":[{"href":"https:\/\/www.radioluna.it\/news\/wp-json\/wp\/v2\/posts\/144431","targetHints":{"allow":["GET"]}}],"collection":[{"href":"https:\/\/www.radioluna.it\/news\/wp-json\/wp\/v2\/posts"}],"about":[{"href":"https:\/\/www.radioluna.it\/news\/wp-json\/wp\/v2\/types\/post"}],"author":[{"embeddable":true,"href":"https:\/\/www.radioluna.it\/news\/wp-json\/wp\/v2\/users\/60"}],"replies":[{"embeddable":true,"href":"https:\/\/www.radioluna.it\/news\/wp-json\/wp\/v2\/comments?post=144431"}],"version-history":[{"count":0,"href":"https:\/\/www.radioluna.it\/news\/wp-json\/wp\/v2\/posts\/144431\/revisions"}],"wp:featuredmedia":[{"embeddable":true,"href":"https:\/\/www.radioluna.it\/news\/wp-json\/wp\/v2\/media\/111534"}],"wp:attachment":[{"href":"https:\/\/www.radioluna.it\/news\/wp-json\/wp\/v2\/media?parent=144431"}],"wp:term":[{"taxonomy":"category","embeddable":true,"href":"https:\/\/www.radioluna.it\/news\/wp-json\/wp\/v2\/categories?post=144431"},{"taxonomy":"post_tag","embeddable":true,"href":"https:\/\/www.radioluna.it\/news\/wp-json\/wp\/v2\/tags?post=144431"}],"curies":[{"name":"wp","href":"https:\/\/api.w.org\/{rel}","templated":true}]}}