{"id":144654,"date":"2013-12-16T10:46:01","date_gmt":"2013-12-16T09:46:01","guid":{"rendered":"http:\/\/www.radioluna.it\/news\/?p=144654"},"modified":"2013-12-16T10:46:01","modified_gmt":"2013-12-16T09:46:01","slug":"dieci-mesi-in-regione-il-consuntivo-di-forte-pd","status":"publish","type":"post","link":"https:\/\/www.radioluna.it\/news\/2013\/12\/dieci-mesi-in-regione-il-consuntivo-di-forte-pd\/","title":{"rendered":"DIECI MESI IN REGIONE<BR> Il consuntivo di Forte (Pd)"},"content":{"rendered":"<div id=\"fb-root\"><\/div>\n<div id=\"attachment_129546\" style=\"width: 310px\" class=\"wp-caption alignleft\"><a href=\"http:\/\/www.radioluna.it\/news\/wp-content\/uploads\/2012\/12\/forte.jpg\"><img loading=\"lazy\" decoding=\"async\" aria-describedby=\"caption-attachment-129546\" class=\"size-medium wp-image-129546\" alt=\"ENRICO FORTE\" src=\"http:\/\/www.radioluna.it\/news\/wp-content\/uploads\/2012\/12\/forte-300x225.jpg\" width=\"300\" height=\"225\" srcset=\"https:\/\/www.radioluna.it\/news\/wp-content\/uploads\/2012\/12\/forte-300x225.jpg 300w, https:\/\/www.radioluna.it\/news\/wp-content\/uploads\/2012\/12\/forte-500x375.jpg 500w, https:\/\/www.radioluna.it\/news\/wp-content\/uploads\/2012\/12\/forte.jpg 640w\" sizes=\"auto, (max-width: 300px) 100vw, 300px\" \/><\/a><p id=\"caption-attachment-129546\" class=\"wp-caption-text\">ENRICO FORTE<\/p><\/div>\n<p style=\"text-align: justify;\">LATINA &#8211;\u00a0Dieci mesi di attivit\u00e0 in Consiglio Regionale per rappresentare la provincia di Latina e le sue esigenze nel quadro pi\u00f9 complesso dello sviluppo del Lazio. Servir\u00e0 a fare un bilancio di questa prima parte di legislatura ma anche per illustrare i progetti e gli impegni futuri l\u2019incontro organizzato dal consigliere regionale pontino Enrico Forte per oggi 16 dicembre alle 17 presso la Galleria dell\u2019Associazione culturale Sto\u00e0 in via Cesare Battisti. parteciper\u00e0 anche il presidente del Consiglio regionale Daniele Leodori. la Roma\/Latina e il raccordo autostradale Cisterna\/Valmontone, sottopasso sulla Pontina ma anche annunciare i progetti in campo per il futuro e confrontarsi con i cittadini.<\/p>\n","protected":false},"excerpt":{"rendered":"<p>LATINA &#8211;\u00a0Dieci mesi di attivit\u00e0 in Consiglio Regionale per rappresentare la provincia di Latina e le sue esigenze nel quadro pi\u00f9 complesso dello sviluppo del Lazio. Servir\u00e0 a fare un bilancio di questa prima parte di legislatura ma anche per illustrare i progetti e gli impegni futuri l\u2019incontro organizzato dal consigliere regionale pontino Enrico Forte [&hellip;]<\/p>\n","protected":false},"author":60,"featured_media":129546,"comment_status":"open","ping_status":"closed","sticky":false,"template":"","format":"standard","meta":{"footnotes":""},"categories":[8],"tags":[],"class_list":["post-144654","post","type-post","status-publish","format-standard","has-post-thumbnail","hentry","category-politica"],"_links":{"self":[{"href":"https:\/\/www.radioluna.it\/news\/wp-json\/wp\/v2\/posts\/144654","targetHints":{"allow":["GET"]}}],"collection":[{"href":"https:\/\/www.radioluna.it\/news\/wp-json\/wp\/v2\/posts"}],"about":[{"href":"https:\/\/www.radioluna.it\/news\/wp-json\/wp\/v2\/types\/post"}],"author":[{"embeddable":true,"href":"https:\/\/www.radioluna.it\/news\/wp-json\/wp\/v2\/users\/60"}],"replies":[{"embeddable":true,"href":"https:\/\/www.radioluna.it\/news\/wp-json\/wp\/v2\/comments?post=144654"}],"version-history":[{"count":0,"href":"https:\/\/www.radioluna.it\/news\/wp-json\/wp\/v2\/posts\/144654\/revisions"}],"wp:featuredmedia":[{"embeddable":true,"href":"https:\/\/www.radioluna.it\/news\/wp-json\/wp\/v2\/media\/129546"}],"wp:attachment":[{"href":"https:\/\/www.radioluna.it\/news\/wp-json\/wp\/v2\/media?parent=144654"}],"wp:term":[{"taxonomy":"category","embeddable":true,"href":"https:\/\/www.radioluna.it\/news\/wp-json\/wp\/v2\/categories?post=144654"},{"taxonomy":"post_tag","embeddable":true,"href":"https:\/\/www.radioluna.it\/news\/wp-json\/wp\/v2\/tags?post=144654"}],"curies":[{"name":"wp","href":"https:\/\/api.w.org\/{rel}","templated":true}]}}