{"id":144669,"date":"2013-12-16T18:04:50","date_gmt":"2013-12-16T17:04:50","guid":{"rendered":"http:\/\/www.radioluna.it\/news\/?p=144669"},"modified":"2013-12-16T19:12:46","modified_gmt":"2013-12-16T18:12:46","slug":"calcio-latina-cesena-sconti-in-gradinata-per-le-famiglie","status":"publish","type":"post","link":"https:\/\/www.radioluna.it\/news\/2013\/12\/calcio-latina-cesena-sconti-in-gradinata-per-le-famiglie\/","title":{"rendered":"CALCIO: LATINA-CESENA <BR> Sconti in gradinata per le famiglie"},"content":{"rendered":"<div id=\"fb-root\"><\/div>\n<p align=\"JUSTIFY\"><a href=\"http:\/\/www.radioluna.it\/news\/2013\/07\/tessere-latina-calcio-abbonamenti-in-vendita\/latina_calcio_us_bandiera_animata-300x196\/\" rel=\"attachment wp-att-138736\"><img loading=\"lazy\" decoding=\"async\" class=\"alignleft size-thumbnail wp-image-138736\" alt=\"Latina_Calcio_US_bandiera_animata-300x196\" src=\"http:\/\/www.radioluna.it\/news\/wp-content\/uploads\/2013\/07\/Latina_Calcio_US_bandiera_animata-300x196-150x150.gif\" width=\"150\" height=\"150\" srcset=\"https:\/\/www.radioluna.it\/news\/wp-content\/uploads\/2013\/07\/Latina_Calcio_US_bandiera_animata-300x196-150x150.gif 150w, https:\/\/www.radioluna.it\/news\/wp-content\/uploads\/2013\/07\/Latina_Calcio_US_bandiera_animata-300x196-80x80.gif 80w, https:\/\/www.radioluna.it\/news\/wp-content\/uploads\/2013\/07\/Latina_Calcio_US_bandiera_animata-300x196-50x50.gif 50w\" sizes=\"auto, (max-width: 150px) 100vw, 150px\" \/><\/a><\/p>\n<p style=\"text-align: justify;\" align=\"JUSTIFY\"><span style=\"color: #000000;\"><span style=\"font-size: small;\">LATINA-Parte domani mattina ai botteghini dello Stadio Domenico Francioni la prevendita dei biglietti in occasione di Latina-Cesena in programma il 26 dicembre. Per questa partita, in accordo con le direttive della Lega Serie B, il Latina presenter\u00e0 delle nuove iniziate per riempire l&#8217;impianto di piazzale Prampolini. Oltre alla presenza di uno speciale Babbo Natale che scender\u00e0 in campo insieme alle due squadre e distribuir\u00e0 durante l&#8217;intervallo dei regali, \u00e8 previsto uno sconto speciale per chi acquister\u00e0 i biglietti di gradinata. Gli adulti che acquisteranno un biglietto riservato a quel settore potranno beneficiare di una riduzione del prezzo: da 18 a 7 euro se porteranno un under 14 e cio\u00e8 un parente stretto che a sua volta \u00a0potr\u00e0 beneficiare di un ulteriore sconto: da 9 a 3 euro.\u00a0<\/span><\/span><\/p>\n<p style=\"text-align: justify;\" align=\"JUSTIFY\">\n","protected":false},"excerpt":{"rendered":"<p>LATINA-Parte domani mattina ai botteghini dello Stadio Domenico Francioni la prevendita dei biglietti in occasione di Latina-Cesena in programma il 26 dicembre. Per questa partita, in accordo con le direttive della Lega Serie B, il Latina presenter\u00e0 delle nuove iniziate per riempire l&#8217;impianto di piazzale Prampolini. Oltre alla presenza di uno speciale Babbo Natale che [&hellip;]<\/p>\n","protected":false},"author":60,"featured_media":138736,"comment_status":"open","ping_status":"closed","sticky":false,"template":"","format":"standard","meta":{"footnotes":""},"categories":[17],"tags":[],"class_list":["post-144669","post","type-post","status-publish","format-standard","has-post-thumbnail","hentry","category-sport"],"_links":{"self":[{"href":"https:\/\/www.radioluna.it\/news\/wp-json\/wp\/v2\/posts\/144669","targetHints":{"allow":["GET"]}}],"collection":[{"href":"https:\/\/www.radioluna.it\/news\/wp-json\/wp\/v2\/posts"}],"about":[{"href":"https:\/\/www.radioluna.it\/news\/wp-json\/wp\/v2\/types\/post"}],"author":[{"embeddable":true,"href":"https:\/\/www.radioluna.it\/news\/wp-json\/wp\/v2\/users\/60"}],"replies":[{"embeddable":true,"href":"https:\/\/www.radioluna.it\/news\/wp-json\/wp\/v2\/comments?post=144669"}],"version-history":[{"count":0,"href":"https:\/\/www.radioluna.it\/news\/wp-json\/wp\/v2\/posts\/144669\/revisions"}],"wp:featuredmedia":[{"embeddable":true,"href":"https:\/\/www.radioluna.it\/news\/wp-json\/wp\/v2\/media\/138736"}],"wp:attachment":[{"href":"https:\/\/www.radioluna.it\/news\/wp-json\/wp\/v2\/media?parent=144669"}],"wp:term":[{"taxonomy":"category","embeddable":true,"href":"https:\/\/www.radioluna.it\/news\/wp-json\/wp\/v2\/categories?post=144669"},{"taxonomy":"post_tag","embeddable":true,"href":"https:\/\/www.radioluna.it\/news\/wp-json\/wp\/v2\/tags?post=144669"}],"curies":[{"name":"wp","href":"https:\/\/api.w.org\/{rel}","templated":true}]}}