{"id":144679,"date":"2013-12-17T09:02:21","date_gmt":"2013-12-17T08:02:21","guid":{"rendered":"http:\/\/www.radioluna.it\/news\/?p=144679"},"modified":"2013-12-17T09:02:21","modified_gmt":"2013-12-17T08:02:21","slug":"zottola-passa-il-testimone-rosario-cerra-nuovo-presidente-di-confcommercio-lazio","status":"publish","type":"post","link":"https:\/\/www.radioluna.it\/news\/2013\/12\/zottola-passa-il-testimone-rosario-cerra-nuovo-presidente-di-confcommercio-lazio\/","title":{"rendered":"ZOTTOLA PASSA IL TESTIMONE<BR> Rosario Cerra nuovo presidente di Confcommercio Lazio"},"content":{"rendered":"<div id=\"fb-root\"><\/div>\n<div id=\"attachment_56521\" style=\"width: 190px\" class=\"wp-caption alignleft\"><a href=\"http:\/\/www.radioluna.it\/news\/wp-content\/uploads\/2010\/12\/vincenzo-zottola1.jpg\"><img loading=\"lazy\" decoding=\"async\" aria-describedby=\"caption-attachment-56521\" class=\" wp-image-56521 \" alt=\"Vincenzo Zottola\" src=\"http:\/\/www.radioluna.it\/news\/wp-content\/uploads\/2010\/12\/vincenzo-zottola1-300x267.jpg\" width=\"180\" height=\"160\" srcset=\"https:\/\/www.radioluna.it\/news\/wp-content\/uploads\/2010\/12\/vincenzo-zottola1-300x267.jpg 300w, https:\/\/www.radioluna.it\/news\/wp-content\/uploads\/2010\/12\/vincenzo-zottola1-500x445.jpg 500w, https:\/\/www.radioluna.it\/news\/wp-content\/uploads\/2010\/12\/vincenzo-zottola1.jpg 600w\" sizes=\"auto, (max-width: 180px) 100vw, 180px\" \/><\/a><p id=\"caption-attachment-56521\" class=\"wp-caption-text\">Vincenzo Zottola<\/p><\/div>\n<div id=\"attachment_144680\" style=\"width: 166px\" class=\"wp-caption alignleft\"><a href=\"http:\/\/www.radioluna.it\/news\/wp-content\/uploads\/2013\/12\/rosario-cerra.jpg\"><img loading=\"lazy\" decoding=\"async\" aria-describedby=\"caption-attachment-144680\" class=\"size-full wp-image-144680\" alt=\"Rosario Cerra\" src=\"http:\/\/www.radioluna.it\/news\/wp-content\/uploads\/2013\/12\/rosario-cerra.jpg\" width=\"156\" height=\"196\" \/><\/a><p id=\"caption-attachment-144680\" class=\"wp-caption-text\">Rosario Cerra<\/p><\/div>\n<p style=\"text-align: justify;\">LATINA &#8211;\u00a0\u00c8 Rosario Cerra il nuovo presidente di Confcommercio Lazio per il quadriennio 2014-2018. L&#8217;imprenditore che subentrer\u00e0 all\u2019impremidotopre di gaeta \u00a0Vincenzo Zottola dal 15 marzo 2014, al vertice di una realt\u00e0 composta da pi\u00f9 di 35mila aziende, con oltre 175mila occupati, \u00e8 stato eletto oggi all&#8217;unanimit\u00e0 dall&#8217;Assemblea di Confcommercio Lazio. Compongono il consiglio i presidenti delle Confcommercio provinciali Giuseppe Roscioli (presidente di Confcommercio Roma), Vincenzo Zottola (presidente Confcommercio Latina), Florindo Buffardi (presidente Confcommercio Frosinone), Franco Boccolini (presidente Confcommercio Viterbo) e Leonardo Tosti (presidente Confcommercio Rieti). Romano di adozione, 46 anni, a capo del Gruppo I Capital, vice presidente di Confcommercio Roma con delega allo Sviluppo Economico e presidente di FederServizi, Rosario Cerra ha gi\u00e0 indicato le linee guida che caratterizzeranno il suo mandato. \u00abIl nostro territorio &#8211; ha detto Cerra &#8211; pu\u00f2 contare su straordinarie eccellenze che per\u00f2 vanno ancora valorizzate; occorre incrementare i livelli di innovazione delle piccole e medie imprese nei settori del commercio, del turismo, dei servizi e delle professioni, in un&#8217;ottica aggregativa e intersettoriale, stimolando nuove dinamiche senza mai perdere di vista il peso dell&#8217;economia reale rappresentata dalle nostre pmi\u00bb.<\/p>\n","protected":false},"excerpt":{"rendered":"<p>LATINA &#8211;\u00a0\u00c8 Rosario Cerra il nuovo presidente di Confcommercio Lazio per il quadriennio 2014-2018. L&#8217;imprenditore che subentrer\u00e0 all\u2019impremidotopre di gaeta \u00a0Vincenzo Zottola dal 15 marzo 2014, al vertice di una realt\u00e0 composta da pi\u00f9 di 35mila aziende, con oltre 175mila occupati, \u00e8 stato eletto oggi all&#8217;unanimit\u00e0 dall&#8217;Assemblea di Confcommercio Lazio. Compongono il consiglio i presidenti [&hellip;]<\/p>\n","protected":false},"author":62,"featured_media":56521,"comment_status":"open","ping_status":"closed","sticky":false,"template":"","format":"standard","meta":{"footnotes":""},"categories":[11],"tags":[],"class_list":["post-144679","post","type-post","status-publish","format-standard","has-post-thumbnail","hentry","category-economia"],"_links":{"self":[{"href":"https:\/\/www.radioluna.it\/news\/wp-json\/wp\/v2\/posts\/144679","targetHints":{"allow":["GET"]}}],"collection":[{"href":"https:\/\/www.radioluna.it\/news\/wp-json\/wp\/v2\/posts"}],"about":[{"href":"https:\/\/www.radioluna.it\/news\/wp-json\/wp\/v2\/types\/post"}],"author":[{"embeddable":true,"href":"https:\/\/www.radioluna.it\/news\/wp-json\/wp\/v2\/users\/62"}],"replies":[{"embeddable":true,"href":"https:\/\/www.radioluna.it\/news\/wp-json\/wp\/v2\/comments?post=144679"}],"version-history":[{"count":0,"href":"https:\/\/www.radioluna.it\/news\/wp-json\/wp\/v2\/posts\/144679\/revisions"}],"wp:featuredmedia":[{"embeddable":true,"href":"https:\/\/www.radioluna.it\/news\/wp-json\/wp\/v2\/media\/56521"}],"wp:attachment":[{"href":"https:\/\/www.radioluna.it\/news\/wp-json\/wp\/v2\/media?parent=144679"}],"wp:term":[{"taxonomy":"category","embeddable":true,"href":"https:\/\/www.radioluna.it\/news\/wp-json\/wp\/v2\/categories?post=144679"},{"taxonomy":"post_tag","embeddable":true,"href":"https:\/\/www.radioluna.it\/news\/wp-json\/wp\/v2\/tags?post=144679"}],"curies":[{"name":"wp","href":"https:\/\/api.w.org\/{rel}","templated":true}]}}