{"id":144703,"date":"2013-12-17T14:46:54","date_gmt":"2013-12-17T13:46:54","guid":{"rendered":"http:\/\/www.radioluna.it\/news\/?p=144703"},"modified":"2013-12-17T14:46:54","modified_gmt":"2013-12-17T13:46:54","slug":"minacce-di-morte-alla-madre-ascoltato-in-carcere-il-giovane-preso-con-la-dinamite","status":"publish","type":"post","link":"https:\/\/www.radioluna.it\/news\/2013\/12\/minacce-di-morte-alla-madre-ascoltato-in-carcere-il-giovane-preso-con-la-dinamite\/","title":{"rendered":"MINACCE DI MORTE ALLA MADRE <BR> Ascoltato in carcere il giovane preso con la dinamite"},"content":{"rendered":"<div id=\"fb-root\"><\/div>\n<div id=\"attachment_24447\" style=\"width: 160px\" class=\"wp-caption alignleft\"><a href=\"http:\/\/www.radioluna.it\/news\/2010\/10\/arresto-fiori-oggi-linterrogatorio-in-via-aspomonte\/carcere-ingresso-4\/\" rel=\"attachment wp-att-24447\"><img loading=\"lazy\" decoding=\"async\" aria-describedby=\"caption-attachment-24447\" class=\"size-thumbnail wp-image-24447\" alt=\"L'ingresso del carcere di Latina\" src=\"http:\/\/www.radioluna.it\/news\/wp-content\/uploads\/2010\/10\/Carcere-ingresso-150x150.jpg\" width=\"150\" height=\"150\" srcset=\"https:\/\/www.radioluna.it\/news\/wp-content\/uploads\/2010\/10\/Carcere-ingresso-150x150.jpg 150w, https:\/\/www.radioluna.it\/news\/wp-content\/uploads\/2010\/10\/Carcere-ingresso-300x300.jpg 300w, https:\/\/www.radioluna.it\/news\/wp-content\/uploads\/2010\/10\/Carcere-ingresso-80x80.jpg 80w, https:\/\/www.radioluna.it\/news\/wp-content\/uploads\/2010\/10\/Carcere-ingresso-35x35.jpg 35w, https:\/\/www.radioluna.it\/news\/wp-content\/uploads\/2010\/10\/Carcere-ingresso-55x55.jpg 55w, https:\/\/www.radioluna.it\/news\/wp-content\/uploads\/2010\/10\/Carcere-ingresso-45x45.jpg 45w, https:\/\/www.radioluna.it\/news\/wp-content\/uploads\/2010\/10\/Carcere-ingresso-70x70.jpg 70w, https:\/\/www.radioluna.it\/news\/wp-content\/uploads\/2010\/10\/Carcere-ingresso-110x110.jpg 110w\" sizes=\"auto, (max-width: 150px) 100vw, 150px\" \/><\/a><p id=\"caption-attachment-24447\" class=\"wp-caption-text\">L&#8217;ingresso del carcere di Latina<\/p><\/div>\n<p style=\"text-align: justify;\"><span id=\"tabBobyFont\">LATINA- &lt;La dinamite? Pensavo fossero botti di Capodanno che ho acquistato a Napoli pagando 80 euro&gt;. E&#8217; quello che ha detto oggi in carcere il giovane di Sermoneta di 22 anni coinvolto nei giorni scorsi in un incidente stradale e sorpreso con la dinamite nella vettura. L&#8217;indagato si trova detenuto in via Aspromonte <\/span><span id=\"tabBobyFont\">per una altra circostanza: la madre lo ha denunciato per minacce di morte e anche maltrattamenti e cos\u00ec il pm Maria Eleonora Tortora ha chiesto al gip Guido Marcelli l&#8217;emissione di un provvedimento cautelare che \u00e8 stato eseguito nei giorni scorsi. Secondo l&#8217;accusa dallo scorso agosto fino a novembre il giovane ha minacciato pi\u00f9 volte la mamma perch\u00e8 non gli dava la macchina, in un caso anche con un piccone. &lt;Brucio tutta la casa&gt;, avrebbe detto alcuni giorni fa. E&#8217; a quel punto che dopo la denuncia della donna \u00e8 scattato l&#8217;arresto. In carcere Mangiapelo si \u00e8 difeso sostenendo che quando ha minacciato la mamma i suoi ricordi sono confusi perch\u00e8 era sotto l&#8217;effetto di sostanze stupefacenti. <\/span><\/p>\n","protected":false},"excerpt":{"rendered":"<p>LATINA- &lt;La dinamite? Pensavo fossero botti di Capodanno che ho acquistato a Napoli pagando 80 euro&gt;. E&#8217; quello che ha detto oggi in carcere il giovane di Sermoneta di 22 anni coinvolto nei giorni scorsi in un incidente stradale e sorpreso con la dinamite nella vettura. L&#8217;indagato si trova detenuto in via Aspromonte per una [&hellip;]<\/p>\n","protected":false},"author":60,"featured_media":24447,"comment_status":"open","ping_status":"closed","sticky":false,"template":"","format":"standard","meta":{"footnotes":""},"categories":[7],"tags":[],"class_list":["post-144703","post","type-post","status-publish","format-standard","has-post-thumbnail","hentry","category-cronaca"],"_links":{"self":[{"href":"https:\/\/www.radioluna.it\/news\/wp-json\/wp\/v2\/posts\/144703","targetHints":{"allow":["GET"]}}],"collection":[{"href":"https:\/\/www.radioluna.it\/news\/wp-json\/wp\/v2\/posts"}],"about":[{"href":"https:\/\/www.radioluna.it\/news\/wp-json\/wp\/v2\/types\/post"}],"author":[{"embeddable":true,"href":"https:\/\/www.radioluna.it\/news\/wp-json\/wp\/v2\/users\/60"}],"replies":[{"embeddable":true,"href":"https:\/\/www.radioluna.it\/news\/wp-json\/wp\/v2\/comments?post=144703"}],"version-history":[{"count":0,"href":"https:\/\/www.radioluna.it\/news\/wp-json\/wp\/v2\/posts\/144703\/revisions"}],"wp:featuredmedia":[{"embeddable":true,"href":"https:\/\/www.radioluna.it\/news\/wp-json\/wp\/v2\/media\/24447"}],"wp:attachment":[{"href":"https:\/\/www.radioluna.it\/news\/wp-json\/wp\/v2\/media?parent=144703"}],"wp:term":[{"taxonomy":"category","embeddable":true,"href":"https:\/\/www.radioluna.it\/news\/wp-json\/wp\/v2\/categories?post=144703"},{"taxonomy":"post_tag","embeddable":true,"href":"https:\/\/www.radioluna.it\/news\/wp-json\/wp\/v2\/tags?post=144703"}],"curies":[{"name":"wp","href":"https:\/\/api.w.org\/{rel}","templated":true}]}}