{"id":144709,"date":"2013-12-17T15:11:29","date_gmt":"2013-12-17T14:11:29","guid":{"rendered":"http:\/\/www.radioluna.it\/news\/?p=144709"},"modified":"2013-12-17T16:02:42","modified_gmt":"2013-12-17T15:02:42","slug":"144709","status":"publish","type":"post","link":"https:\/\/www.radioluna.it\/news\/2013\/12\/144709\/","title":{"rendered":"NUOVO RAID CONTRO LIBERA <BR> Distrutto l&#8217;impianto elettrico"},"content":{"rendered":"<div id=\"fb-root\"><\/div>\n<p><a href=\"http:\/\/www.radioluna.it\/news\/2013\/02\/libera-il-cinema-al-paone-si-proietta-bronx\/libera-8\/\" rel=\"attachment wp-att-131386\"><img loading=\"lazy\" decoding=\"async\" class=\"alignleft size-thumbnail wp-image-131386\" alt=\"libera\" src=\"http:\/\/www.radioluna.it\/news\/wp-content\/uploads\/2013\/02\/libera-150x150.jpg\" width=\"150\" height=\"150\" srcset=\"https:\/\/www.radioluna.it\/news\/wp-content\/uploads\/2013\/02\/libera-150x150.jpg 150w, https:\/\/www.radioluna.it\/news\/wp-content\/uploads\/2013\/02\/libera-80x80.jpg 80w, https:\/\/www.radioluna.it\/news\/wp-content\/uploads\/2013\/02\/libera-50x50.jpg 50w, https:\/\/www.radioluna.it\/news\/wp-content\/uploads\/2013\/02\/libera.jpg 225w\" sizes=\"auto, (max-width: 150px) 100vw, 150px\" \/><\/a><\/p>\n<p style=\"text-align: justify;\">LATINA &#8211; (ANSA) Distrutto completamente l&#8217;impianto elettrico e rubate pompe dell&#8217;acqua del Villaggio della Legalit\u00e0 di Borgo Sabotino a Latina. L&#8217;associazione Libera denuncia che si tratta &#8220;dal 2011 del quinto atto intimidatorio nei confronti del bene confiscato: la situazione \u00e8 diventata insostenibile, il Prefetto convochi in tempi brevi un tavolo istituzionale&#8221;. Nei giorni scorsi, ignoti sono entrati nella struttura del Villaggio della Legalit\u00e0, un ex camping abusivo confiscato e affidato temporaneamente a Libera dall&#8217;aprile del 2011, distruggendo completamente l&#8217;intero impianto elettrico, danneggiando il telone, le vetrate e rubando le pompe dell&#8217;acqua.<\/p>\n<p style=\"text-align: justify;\">&#8220;Siamo stati avvisati sabato 14 dicembre e immediatamente denunciato l&#8217;ennesimo grave atto alle forze dell&#8217;ordine- commenta in una nota Libera. Associazione, nomi e numeri contro le mafie-ormai la situazione si \u00e8 fatta insostenibile. Dal 2011 \u00e8 il quinto atto intimidatorio che il bene subisce, sempre senza colpevoli. Chiediamo al Prefetto di convocare in tempi brevi un tavolo istituzionale sul Villaggio Borgo Sabotino&#8221;. Il Villaggio della Legalit\u00e0,dedicato a Serafino Fam\u00e0, avvocato catanese ucciso dalla mafia, gi\u00e0 nell&#8217;ottobre del 2011 fu oggetto di un atto grave: ignoti entrarono nella struttura di circa quattro ettari di Borgo Sabotino e distrussero completamente il centro, danneggiando computer, impianti elettrici, amplificazioni e suppellettili. Furono distrutte anche le vetrate a picconate. Nel novembre 2012 un nuovo episodio, quando ignoti entrarono nella struttura distruggendo le quattro telecamere di videosorveglianza per il controllo degli ingressi e della struttura. Dopo due mesi nel gennaio del 2013 sempre ignoti appiccarono il fuoco su entrambi i lati della tendo-struttura. Le fiamme si propagarono rapidamente e il fumo invase parte della struttura annerendo le pareti e distruggendo parte del telone esterno. L&#8217; ultimo episodio nell&#8217;agosto scorso quando furono distrutte porte, rubinetterie e sanitari del Villaggio. E proprio a Latina, il 22 marzo 2014, si svolger\u00e0 la XIV Giornata della memoria e dell&#8217;impegno in ricordo delle vittime delle mafie.<\/p>\n<p style=\"text-align: justify;\">\u00abLa Regione Lazio non rester\u00e0 a guardare\u00bb. Lo dichiara in una nota il presidente Nicola Zingaretti \u00abin merito all&#8217;ennesimo atto vandalico e intimidatorio ai danni del Villaggio della Legalit\u00e0 di Borgo Sabotino a\u00a0Latina\u00bb. \u00abCinque episodi in soli due anni ai danni di una struttura dal forte valore simbolico per un territorio che registra una crescita preoccupante della criminalit\u00e0 organizzata &#8211; aggiunge &#8211; Per questo, oltre ad esprimere con forza la nostra vicinanza a Libera e a tutti i volontari impegnati ogni giorno in difesa della legalit\u00e0, abbiamo deciso di offrire il nostro aiuto concreto per finanziare i lavori di ripristino e messa in sicurezza della struttura\u00bb.<\/p>\n","protected":false},"excerpt":{"rendered":"<p>LATINA &#8211; (ANSA) Distrutto completamente l&#8217;impianto elettrico e rubate pompe dell&#8217;acqua del Villaggio della Legalit\u00e0 di Borgo Sabotino a Latina. L&#8217;associazione Libera denuncia che si tratta &#8220;dal 2011 del quinto atto intimidatorio nei confronti del bene confiscato: la situazione \u00e8 diventata insostenibile, il Prefetto convochi in tempi brevi un tavolo istituzionale&#8221;. Nei giorni scorsi, ignoti [&hellip;]<\/p>\n","protected":false},"author":60,"featured_media":131386,"comment_status":"open","ping_status":"closed","sticky":false,"template":"","format":"standard","meta":{"footnotes":""},"categories":[7],"tags":[],"class_list":["post-144709","post","type-post","status-publish","format-standard","has-post-thumbnail","hentry","category-cronaca"],"_links":{"self":[{"href":"https:\/\/www.radioluna.it\/news\/wp-json\/wp\/v2\/posts\/144709","targetHints":{"allow":["GET"]}}],"collection":[{"href":"https:\/\/www.radioluna.it\/news\/wp-json\/wp\/v2\/posts"}],"about":[{"href":"https:\/\/www.radioluna.it\/news\/wp-json\/wp\/v2\/types\/post"}],"author":[{"embeddable":true,"href":"https:\/\/www.radioluna.it\/news\/wp-json\/wp\/v2\/users\/60"}],"replies":[{"embeddable":true,"href":"https:\/\/www.radioluna.it\/news\/wp-json\/wp\/v2\/comments?post=144709"}],"version-history":[{"count":0,"href":"https:\/\/www.radioluna.it\/news\/wp-json\/wp\/v2\/posts\/144709\/revisions"}],"wp:featuredmedia":[{"embeddable":true,"href":"https:\/\/www.radioluna.it\/news\/wp-json\/wp\/v2\/media\/131386"}],"wp:attachment":[{"href":"https:\/\/www.radioluna.it\/news\/wp-json\/wp\/v2\/media?parent=144709"}],"wp:term":[{"taxonomy":"category","embeddable":true,"href":"https:\/\/www.radioluna.it\/news\/wp-json\/wp\/v2\/categories?post=144709"},{"taxonomy":"post_tag","embeddable":true,"href":"https:\/\/www.radioluna.it\/news\/wp-json\/wp\/v2\/tags?post=144709"}],"curies":[{"name":"wp","href":"https:\/\/api.w.org\/{rel}","templated":true}]}}