{"id":144741,"date":"2013-12-18T15:11:10","date_gmt":"2013-12-18T14:11:10","guid":{"rendered":"http:\/\/www.radioluna.it\/news\/?p=144741"},"modified":"2013-12-18T15:11:10","modified_gmt":"2013-12-18T14:11:10","slug":"processo-formia-servizi-udienza-rinviata-atti-al-pm","status":"publish","type":"post","link":"https:\/\/www.radioluna.it\/news\/2013\/12\/processo-formia-servizi-udienza-rinviata-atti-al-pm\/","title":{"rendered":"PROCESSO FORMIA SERVIZI <BR> Udienza rinviata, atti al pm"},"content":{"rendered":"<div id=\"fb-root\"><\/div>\n<div id=\"attachment_11438\" style=\"width: 160px\" class=\"wp-caption alignleft\"><a href=\"http:\/\/www.radioluna.it\/news\/2010\/08\/caso-saviano-inchiesta-della-procura-il-pg-delia-verifiche-in-corso\/procura\/\" rel=\"attachment wp-att-11438\"><img loading=\"lazy\" decoding=\"async\" aria-describedby=\"caption-attachment-11438\" class=\"size-thumbnail wp-image-11438\" alt=\"La Procura di Latina  \" src=\"http:\/\/www.radioluna.it\/news\/wp-content\/uploads\/2010\/08\/procura-150x150.jpg\" width=\"150\" height=\"150\" srcset=\"https:\/\/www.radioluna.it\/news\/wp-content\/uploads\/2010\/08\/procura-150x150.jpg 150w, https:\/\/www.radioluna.it\/news\/wp-content\/uploads\/2010\/08\/procura-80x80.jpg 80w, https:\/\/www.radioluna.it\/news\/wp-content\/uploads\/2010\/08\/procura-70x70.jpg 70w, https:\/\/www.radioluna.it\/news\/wp-content\/uploads\/2010\/08\/procura-110x110.jpg 110w\" sizes=\"auto, (max-width: 150px) 100vw, 150px\" \/><\/a><p id=\"caption-attachment-11438\" class=\"wp-caption-text\">La Procura di Latina<\/p><\/div>\n<p>LATINA-E&#8217; stata rinviata al 3 marzo l&#8217;udienza per la Formia servizi, una parte del fascicolo per\u00f2 torna in Procura perch\u00e8 al termine delle indagini preliminari alcuni indagati non sono stati interrogati. L&#8217;eccezione \u00e8 stata sollevata in aula da alcuni componenti del collegio difensivo. Il procedimento \u00e8 relativo al processo per il fallimento della Formia Servizi che vede 14 persone sedute sul banco degl imputati. I quattro indagati potrebbero essere ascoltati sin dai prossimi giorni dal pm in Procura.<\/p>\n<p>&nbsp;<\/p>\n","protected":false},"excerpt":{"rendered":"<p>LATINA-E&#8217; stata rinviata al 3 marzo l&#8217;udienza per la Formia servizi, una parte del fascicolo per\u00f2 torna in Procura perch\u00e8 al termine delle indagini preliminari alcuni indagati non sono stati interrogati. L&#8217;eccezione \u00e8 stata sollevata in aula da alcuni componenti del collegio difensivo. Il procedimento \u00e8 relativo al processo per il fallimento della Formia Servizi [&hellip;]<\/p>\n","protected":false},"author":60,"featured_media":11438,"comment_status":"open","ping_status":"closed","sticky":false,"template":"","format":"standard","meta":{"footnotes":""},"categories":[7],"tags":[],"class_list":["post-144741","post","type-post","status-publish","format-standard","has-post-thumbnail","hentry","category-cronaca"],"_links":{"self":[{"href":"https:\/\/www.radioluna.it\/news\/wp-json\/wp\/v2\/posts\/144741","targetHints":{"allow":["GET"]}}],"collection":[{"href":"https:\/\/www.radioluna.it\/news\/wp-json\/wp\/v2\/posts"}],"about":[{"href":"https:\/\/www.radioluna.it\/news\/wp-json\/wp\/v2\/types\/post"}],"author":[{"embeddable":true,"href":"https:\/\/www.radioluna.it\/news\/wp-json\/wp\/v2\/users\/60"}],"replies":[{"embeddable":true,"href":"https:\/\/www.radioluna.it\/news\/wp-json\/wp\/v2\/comments?post=144741"}],"version-history":[{"count":0,"href":"https:\/\/www.radioluna.it\/news\/wp-json\/wp\/v2\/posts\/144741\/revisions"}],"wp:featuredmedia":[{"embeddable":true,"href":"https:\/\/www.radioluna.it\/news\/wp-json\/wp\/v2\/media\/11438"}],"wp:attachment":[{"href":"https:\/\/www.radioluna.it\/news\/wp-json\/wp\/v2\/media?parent=144741"}],"wp:term":[{"taxonomy":"category","embeddable":true,"href":"https:\/\/www.radioluna.it\/news\/wp-json\/wp\/v2\/categories?post=144741"},{"taxonomy":"post_tag","embeddable":true,"href":"https:\/\/www.radioluna.it\/news\/wp-json\/wp\/v2\/tags?post=144741"}],"curies":[{"name":"wp","href":"https:\/\/api.w.org\/{rel}","templated":true}]}}