{"id":144750,"date":"2013-12-18T19:42:15","date_gmt":"2013-12-18T18:42:15","guid":{"rendered":"http:\/\/www.radioluna.it\/news\/?p=144750"},"modified":"2013-12-27T07:27:04","modified_gmt":"2013-12-27T06:27:04","slug":"tremila-forconi-a-roma-partecipazioni-sotto-le-attese-calvani-treni-in-ritardo","status":"publish","type":"post","link":"https:\/\/www.radioluna.it\/news\/2013\/12\/tremila-forconi-a-roma-partecipazioni-sotto-le-attese-calvani-treni-in-ritardo\/","title":{"rendered":"TREMILA FORCONI A ROMA <BR> Partecipazioni sotto le attese <BR> Calvani: i treni sono in ritardo"},"content":{"rendered":"<div id=\"fb-root\"><\/div>\n<p><a href=\"http:\/\/www.radioluna.it\/news\/2012\/01\/i-forconi-si-preparano-al-sit-in-sulla-pontina-a-mezzogiorno\/forconi\/\" rel=\"attachment wp-att-114666\"><img loading=\"lazy\" decoding=\"async\" class=\"alignleft size-thumbnail wp-image-114666\" alt=\"forconi\" src=\"http:\/\/www.radioluna.it\/news\/wp-content\/uploads\/2012\/01\/forconi-150x150.jpg\" width=\"150\" height=\"150\" srcset=\"https:\/\/www.radioluna.it\/news\/wp-content\/uploads\/2012\/01\/forconi-150x150.jpg 150w, https:\/\/www.radioluna.it\/news\/wp-content\/uploads\/2012\/01\/forconi-300x300.jpg 300w, https:\/\/www.radioluna.it\/news\/wp-content\/uploads\/2012\/01\/forconi-50x50.jpg 50w, https:\/\/www.radioluna.it\/news\/wp-content\/uploads\/2012\/01\/forconi-80x80.jpg 80w\" sizes=\"auto, (max-width: 150px) 100vw, 150px\" \/><\/a><\/p>\n<p style=\"text-align: justify;\">ROMA-\u00a0<span style=\"font-size: small; color: #000000;\">Erano molti di meno rispetto ai 15mila previsti i Forconi che hanno manifestato oggi a Roma. Le stime parlano di circa tremila unit\u00e0 che si sono radunate in \u00a0piazza del Popolo a Roma. &lt;Adesso allenteremo i presidi in vista delle feste di Natale, ma non ci sciogliamo. Gli altri presidi continueranno finch\u00e9 questa classe politica non se ne andr\u00e0. Dopo le feste ripartiremo con azioni sempre pi\u00f9 incisive\u00bb ha detto Danilo Calvani dal palco della manifestazione. Il leader del movimento ha giustificato cos\u00ec la scarsa partecipazione. &lt;I treni sono in ritardo&gt;.<\/span><\/p>\n","protected":false},"excerpt":{"rendered":"<p>ROMA-\u00a0Erano molti di meno rispetto ai 15mila previsti i Forconi che hanno manifestato oggi a Roma. Le stime parlano di circa tremila unit\u00e0 che si sono radunate in \u00a0piazza del Popolo a Roma. &lt;Adesso allenteremo i presidi in vista delle feste di Natale, ma non ci sciogliamo. Gli altri presidi continueranno finch\u00e9 questa classe politica [&hellip;]<\/p>\n","protected":false},"author":60,"featured_media":114666,"comment_status":"open","ping_status":"closed","sticky":false,"template":"","format":"standard","meta":{"footnotes":""},"categories":[735,7],"tags":[],"class_list":["post-144750","post","type-post","status-publish","format-standard","has-post-thumbnail","hentry","category-attualita","category-cronaca"],"_links":{"self":[{"href":"https:\/\/www.radioluna.it\/news\/wp-json\/wp\/v2\/posts\/144750","targetHints":{"allow":["GET"]}}],"collection":[{"href":"https:\/\/www.radioluna.it\/news\/wp-json\/wp\/v2\/posts"}],"about":[{"href":"https:\/\/www.radioluna.it\/news\/wp-json\/wp\/v2\/types\/post"}],"author":[{"embeddable":true,"href":"https:\/\/www.radioluna.it\/news\/wp-json\/wp\/v2\/users\/60"}],"replies":[{"embeddable":true,"href":"https:\/\/www.radioluna.it\/news\/wp-json\/wp\/v2\/comments?post=144750"}],"version-history":[{"count":0,"href":"https:\/\/www.radioluna.it\/news\/wp-json\/wp\/v2\/posts\/144750\/revisions"}],"wp:featuredmedia":[{"embeddable":true,"href":"https:\/\/www.radioluna.it\/news\/wp-json\/wp\/v2\/media\/114666"}],"wp:attachment":[{"href":"https:\/\/www.radioluna.it\/news\/wp-json\/wp\/v2\/media?parent=144750"}],"wp:term":[{"taxonomy":"category","embeddable":true,"href":"https:\/\/www.radioluna.it\/news\/wp-json\/wp\/v2\/categories?post=144750"},{"taxonomy":"post_tag","embeddable":true,"href":"https:\/\/www.radioluna.it\/news\/wp-json\/wp\/v2\/tags?post=144750"}],"curies":[{"name":"wp","href":"https:\/\/api.w.org\/{rel}","templated":true}]}}