{"id":144786,"date":"2013-12-19T17:31:55","date_gmt":"2013-12-19T16:31:55","guid":{"rendered":"http:\/\/www.radioluna.it\/news\/?p=144786"},"modified":"2013-12-19T17:31:55","modified_gmt":"2013-12-19T16:31:55","slug":"calcio-verso-siena-latina-al-franchi-arbitra-chiffi","status":"publish","type":"post","link":"https:\/\/www.radioluna.it\/news\/2013\/12\/calcio-verso-siena-latina-al-franchi-arbitra-chiffi\/","title":{"rendered":"CALCIO VERSO SIENA-LATINA <BR> Al Franchi arbitra Chiffi"},"content":{"rendered":"<div id=\"fb-root\"><\/div>\n<p><a href=\"http:\/\/www.radioluna.it\/news\/2013\/07\/tessere-latina-calcio-abbonamenti-in-vendita\/latina_calcio_us_bandiera_animata-300x196\/\" rel=\"attachment wp-att-138736\"><img loading=\"lazy\" decoding=\"async\" class=\"alignleft size-thumbnail wp-image-138736\" alt=\"Latina_Calcio_US_bandiera_animata-300x196\" src=\"http:\/\/www.radioluna.it\/news\/wp-content\/uploads\/2013\/07\/Latina_Calcio_US_bandiera_animata-300x196-150x150.gif\" width=\"150\" height=\"150\" srcset=\"https:\/\/www.radioluna.it\/news\/wp-content\/uploads\/2013\/07\/Latina_Calcio_US_bandiera_animata-300x196-150x150.gif 150w, https:\/\/www.radioluna.it\/news\/wp-content\/uploads\/2013\/07\/Latina_Calcio_US_bandiera_animata-300x196-80x80.gif 80w, https:\/\/www.radioluna.it\/news\/wp-content\/uploads\/2013\/07\/Latina_Calcio_US_bandiera_animata-300x196-50x50.gif 50w\" sizes=\"auto, (max-width: 150px) 100vw, 150px\" \/><\/a><\/p>\n<p>LATINA-Sar\u00e0 Daniele Chiffi di Padova a dirigere sabato (ore 15) al Franchi di Siena \u00a0la sfida tra Siena e Latina, l&#8217;ultimo precedente con i nerazzurri per il fischietto veneto \u00e8 positivo: ha diretto la gara di andata della finale play off tra Pisa e Latina all&#8217;Arena Garibaldi che fin\u00ec in parit\u00e0. In Toscana il tecnico Roberto Breda dovr\u00e0 fare a meno di diversi giocatori oltre all&#8217;infortunato Ristowski mancheranno anche Alhassan, Figliomeni, Jefferson e Cottafava squalificati.<\/p>\n<p>&nbsp;<\/p>\n","protected":false},"excerpt":{"rendered":"<p>LATINA-Sar\u00e0 Daniele Chiffi di Padova a dirigere sabato (ore 15) al Franchi di Siena \u00a0la sfida tra Siena e Latina, l&#8217;ultimo precedente con i nerazzurri per il fischietto veneto \u00e8 positivo: ha diretto la gara di andata della finale play off tra Pisa e Latina all&#8217;Arena Garibaldi che fin\u00ec in parit\u00e0. In Toscana il tecnico [&hellip;]<\/p>\n","protected":false},"author":60,"featured_media":138736,"comment_status":"open","ping_status":"closed","sticky":false,"template":"","format":"standard","meta":{"footnotes":""},"categories":[17],"tags":[],"class_list":["post-144786","post","type-post","status-publish","format-standard","has-post-thumbnail","hentry","category-sport"],"_links":{"self":[{"href":"https:\/\/www.radioluna.it\/news\/wp-json\/wp\/v2\/posts\/144786","targetHints":{"allow":["GET"]}}],"collection":[{"href":"https:\/\/www.radioluna.it\/news\/wp-json\/wp\/v2\/posts"}],"about":[{"href":"https:\/\/www.radioluna.it\/news\/wp-json\/wp\/v2\/types\/post"}],"author":[{"embeddable":true,"href":"https:\/\/www.radioluna.it\/news\/wp-json\/wp\/v2\/users\/60"}],"replies":[{"embeddable":true,"href":"https:\/\/www.radioluna.it\/news\/wp-json\/wp\/v2\/comments?post=144786"}],"version-history":[{"count":0,"href":"https:\/\/www.radioluna.it\/news\/wp-json\/wp\/v2\/posts\/144786\/revisions"}],"wp:featuredmedia":[{"embeddable":true,"href":"https:\/\/www.radioluna.it\/news\/wp-json\/wp\/v2\/media\/138736"}],"wp:attachment":[{"href":"https:\/\/www.radioluna.it\/news\/wp-json\/wp\/v2\/media?parent=144786"}],"wp:term":[{"taxonomy":"category","embeddable":true,"href":"https:\/\/www.radioluna.it\/news\/wp-json\/wp\/v2\/categories?post=144786"},{"taxonomy":"post_tag","embeddable":true,"href":"https:\/\/www.radioluna.it\/news\/wp-json\/wp\/v2\/tags?post=144786"}],"curies":[{"name":"wp","href":"https:\/\/api.w.org\/{rel}","templated":true}]}}