{"id":144805,"date":"2013-12-20T13:39:53","date_gmt":"2013-12-20T12:39:53","guid":{"rendered":"http:\/\/www.radioluna.it\/news\/?p=144805"},"modified":"2013-12-20T13:43:01","modified_gmt":"2013-12-20T12:43:01","slug":"visitatori-in-picchiata-nei-musei-pd-latina-non-investe-in-cultura-e-si-vede","status":"publish","type":"post","link":"https:\/\/www.radioluna.it\/news\/2013\/12\/visitatori-in-picchiata-nei-musei-pd-latina-non-investe-in-cultura-e-si-vede\/","title":{"rendered":"VISITATORI IN PICCHIATA NEI MUSEI<BR> Pd: &#8220;Latina non investe e si vede&#8221;<br> I dati in Commissione Cultura"},"content":{"rendered":"<div id=\"fb-root\"><\/div>\n<div id=\"attachment_26281\" style=\"width: 310px\" class=\"wp-caption alignleft\"><a href=\"http:\/\/www.radioluna.it\/news\/wp-content\/uploads\/2010\/10\/operabalilla.jpg\"><img loading=\"lazy\" decoding=\"async\" aria-describedby=\"caption-attachment-26281\" class=\"size-full wp-image-26281\" alt=\"L'ex Opera Balilla a Latina sede del Museo Cambellotti\" src=\"http:\/\/www.radioluna.it\/news\/wp-content\/uploads\/2010\/10\/operabalilla.jpg\" width=\"300\" height=\"296\" srcset=\"https:\/\/www.radioluna.it\/news\/wp-content\/uploads\/2010\/10\/operabalilla.jpg 300w, https:\/\/www.radioluna.it\/news\/wp-content\/uploads\/2010\/10\/operabalilla-80x80.jpg 80w, https:\/\/www.radioluna.it\/news\/wp-content\/uploads\/2010\/10\/operabalilla-35x35.jpg 35w, https:\/\/www.radioluna.it\/news\/wp-content\/uploads\/2010\/10\/operabalilla-55x55.jpg 55w, https:\/\/www.radioluna.it\/news\/wp-content\/uploads\/2010\/10\/operabalilla-45x45.jpg 45w, https:\/\/www.radioluna.it\/news\/wp-content\/uploads\/2010\/10\/operabalilla-70x70.jpg 70w, https:\/\/www.radioluna.it\/news\/wp-content\/uploads\/2010\/10\/operabalilla-110x110.jpg 110w\" sizes=\"auto, (max-width: 300px) 100vw, 300px\" \/><\/a><p id=\"caption-attachment-26281\" class=\"wp-caption-text\">L&#8217;ex Opera Balilla a Latina sede del Museo Cambellotti<\/p><\/div>\n<p style=\"text-align: justify;\">LATINA &#8211;\u00a0Crolla il numero dei visitatori nei musei di Latina.\u00a0E\u2019 quanto emerso oggi nella riunione della Commissione Cultura, incontro nel corso del quale gli uffici preposti hanno descritto l\u2019andamento delle attivit\u00e0 del sistema museale comunale. Tra la \u00a0Galleria d\u2019Arte Moderna e Contemporanea, il museo della Medaglia, il museo Cambellotti e l\u2019Antiquarium Procoio, in tre anni, i visitatori sono diminuiti di circa duemila unit\u00e0. \u201cUn dato negativo e prevedibile \u2013 secondo i consiglieri del Pd Cozzolino e Sarubbo \u00a0-. Il personale impiegato \u00e8 passato dalle 9 unit\u00e0 del 2011 alle 7 del 2012 fino alle 5 di quest\u2019anno. Un settore nel quale l\u2019amministrazione comunale non sta investendo a dovere. A determinare questo stato di cose sono l\u2019assenza di un assessore alla cultura, la diminuzione del personale, la mancanza di risorse dedicate e di una strategia di investimento.<\/p>\n<p style=\"text-align: justify;\">\u00abCome Pd \u2013 sottolineano Sarubbo e Cozzolino &#8211; crediamo si debba invece investire di pi\u00f9 in un settore che, se ben organizzato, oltre a produrre cultura pu\u00f2 autoremunerarsi o rappresentare una fonte di guadagno per il Comune\u00bb.<\/p>\n<p style=\"text-align: justify;\">\u00a0Per rilanciare la cultura in citt\u00e0 i due consiglieri ritengono necessario \u00abaumentare il personale, produrre una comunicazione istituzionale adeguata, rivolgersi a direzioni scientifiche di alto livello (guardando in primo luogo alle eccellenze residenti nel territorio), vincolare parte degli introiti derivanti dagli ingressi all\u2019organizzazione di mostre e all\u2019acquisto o affitto di opere importanti, presentare progetti di qualit\u00e0 alla Regione Lazio, al Governo e all\u2019Unione Europea, costruire una rete di collaborazione con i musei della provincia e del resto del Paese\u00bb. In particolare, si dovrebbe investire nella promozione del polo archeologico di Satricum, che da toppo tempo attende l\u2019apertura del museo e che pu\u00f2 rappresentare il vero gioiello culturale del capoluogo arrivando a raccogliere visitatori da tutto il mondo.<\/p>\n<p style=\"text-align: justify;\">\u00a0\u00abL\u2019amministrazione \u00e8 in grande ritardo in materia di politiche culturali \u2013 ribadiscono i due consiglieri Pd &#8211; Il settore \u00e8 particolare e vuole programmazione e qualit\u00e0, non pu\u00f2 essere abbandonato alla buona volont\u00e0 e alle preziose competenze di soli cinque dipendenti impiegati o a proposte estemporanee. Non bastano iniziative sulla storia della bonifica o sull\u2019architettura razionalista per attirare turisti e visitatori. In Italia \u2013 suggeriscono Sarubbo e Cozzolino &#8211; ci sono esempi di buone pratiche cui far riferimento e da cui prendere spunto: citt\u00e0 medio-piccole come Carpi, Trento o Mantova hanno fatto del loro sistema museale un fiore all\u2019occhiello al quale guarda un pubblico internazionale e che rappresenta un\u2019entrata economica cruciale per il bilancio comunale\u00bb.<\/p>\n<p>&nbsp;<\/p>\n<p>&nbsp;<\/p>\n<p>&nbsp;<\/p>\n","protected":false},"excerpt":{"rendered":"<p>LATINA &#8211;\u00a0Crolla il numero dei visitatori nei musei di Latina.\u00a0E\u2019 quanto emerso oggi nella riunione della Commissione Cultura, incontro nel corso del quale gli uffici preposti hanno descritto l\u2019andamento delle attivit\u00e0 del sistema museale comunale. Tra la \u00a0Galleria d\u2019Arte Moderna e Contemporanea, il museo della Medaglia, il museo Cambellotti e l\u2019Antiquarium Procoio, in tre anni, [&hellip;]<\/p>\n","protected":false},"author":62,"featured_media":26281,"comment_status":"open","ping_status":"closed","sticky":false,"template":"","format":"standard","meta":{"footnotes":""},"categories":[8],"tags":[],"class_list":["post-144805","post","type-post","status-publish","format-standard","has-post-thumbnail","hentry","category-politica"],"_links":{"self":[{"href":"https:\/\/www.radioluna.it\/news\/wp-json\/wp\/v2\/posts\/144805","targetHints":{"allow":["GET"]}}],"collection":[{"href":"https:\/\/www.radioluna.it\/news\/wp-json\/wp\/v2\/posts"}],"about":[{"href":"https:\/\/www.radioluna.it\/news\/wp-json\/wp\/v2\/types\/post"}],"author":[{"embeddable":true,"href":"https:\/\/www.radioluna.it\/news\/wp-json\/wp\/v2\/users\/62"}],"replies":[{"embeddable":true,"href":"https:\/\/www.radioluna.it\/news\/wp-json\/wp\/v2\/comments?post=144805"}],"version-history":[{"count":0,"href":"https:\/\/www.radioluna.it\/news\/wp-json\/wp\/v2\/posts\/144805\/revisions"}],"wp:featuredmedia":[{"embeddable":true,"href":"https:\/\/www.radioluna.it\/news\/wp-json\/wp\/v2\/media\/26281"}],"wp:attachment":[{"href":"https:\/\/www.radioluna.it\/news\/wp-json\/wp\/v2\/media?parent=144805"}],"wp:term":[{"taxonomy":"category","embeddable":true,"href":"https:\/\/www.radioluna.it\/news\/wp-json\/wp\/v2\/categories?post=144805"},{"taxonomy":"post_tag","embeddable":true,"href":"https:\/\/www.radioluna.it\/news\/wp-json\/wp\/v2\/tags?post=144805"}],"curies":[{"name":"wp","href":"https:\/\/api.w.org\/{rel}","templated":true}]}}