{"id":144847,"date":"2013-12-21T13:23:20","date_gmt":"2013-12-21T12:23:20","guid":{"rendered":"http:\/\/www.radioluna.it\/news\/?p=144847"},"modified":"2013-12-21T13:23:20","modified_gmt":"2013-12-21T12:23:20","slug":"nasce-forza-silvio-latina-il-club-si-presenta-lunedi","status":"publish","type":"post","link":"https:\/\/www.radioluna.it\/news\/2013\/12\/nasce-forza-silvio-latina-il-club-si-presenta-lunedi\/","title":{"rendered":"NASCE FORZA SILVIO LATINA<BR> Il Club si presenta luned\u00ec"},"content":{"rendered":"<div id=\"fb-root\"><\/div>\n<p style=\"text-align: justify;\"><a href=\"http:\/\/www.radioluna.it\/news\/wp-content\/uploads\/2013\/12\/forza-silvio.jpg\"><img loading=\"lazy\" decoding=\"async\" class=\"alignleft size-full wp-image-144848\" alt=\"forza silvio\" src=\"http:\/\/www.radioluna.it\/news\/wp-content\/uploads\/2013\/12\/forza-silvio.jpg\" width=\"225\" height=\"225\" srcset=\"https:\/\/www.radioluna.it\/news\/wp-content\/uploads\/2013\/12\/forza-silvio.jpg 225w, https:\/\/www.radioluna.it\/news\/wp-content\/uploads\/2013\/12\/forza-silvio-150x150.jpg 150w, https:\/\/www.radioluna.it\/news\/wp-content\/uploads\/2013\/12\/forza-silvio-80x80.jpg 80w, https:\/\/www.radioluna.it\/news\/wp-content\/uploads\/2013\/12\/forza-silvio-50x50.jpg 50w\" sizes=\"auto, (max-width: 225px) 100vw, 225px\" \/><\/a>LATINA &#8211; Luned\u00ec 23 dicembre, al Ristorante Pizza e Fichi di Latina (alle 11.30) si presenter\u00e0 a Latina il neo-costituito Club &#8220;Forza Silvio&#8221; .<\/p>\n<p style=\"text-align: justify;\">&#8220;Il nostro Club \u2013 spiegano in una nota gli attivisti &#8211; \u00e8 nato per iniziativa di un gruppo di giovani \u2013 e si rivolge a quei ragazzi alla ricerca di un impegno concreto per il loro (il nostro) territorio, affinch\u00e9 facendo perno sulle innumerevoli opportunit\u00e0 di cui \u00e8 ricco possa attraversare una nuova stagione di sviluppo&#8221;.<\/p>\n<p style=\"text-align: justify;\">Il Club dei giovani fan di Berlusconi \u00e8 stato intitolato a Oriolo Frezzotti, l&#8217;architetto che firm\u00f2 diversi edifici di Fondazione e fu autore del primo piano regolatore di Littoria. Il\u00a0Presidente scelto \u00e8 Luigi Agnoni, il vicepresidente Andrea Ascenzi e il portavoce Matteo Palombo.\u00a0Luned\u00ec mattina, per il lancio ufficiale del Club, hanno dato la loro adesione, l&#8217;ex presidente della Provincia, Armando Cusani e il facente funzioni, Salvatore De Monaco; il consigliere regionale Giuseppe Simeone, il capogruppo di Forza Italia al Comune di Latina Alessandro Calvi e il vicepresidente del Consiglio provinciale Renzo Scalco.<\/p>\n<p style=\"text-align: justify;\">&#8220;Il Club Forza Silvio Latina \u00abOriolo Frezzotti\u00bb sar\u00e0 comunque distinto da Forza Italia, in cui si riconosce pienamente e cui accorda il proprio sostegno attivo. Questo in virt\u00f9 dell\u2019identit\u00e0 giovanile e movimentista del Club, fondato su una partecipazione spontanea, libera dagli schemi di partito &#8211; spiegano in una nota i fondatori &#8211; \u00a0Inoltre, esso si caratterizzer\u00e0 come un luogo di riflessione e un pensatoio culturale, sul mo-dello di quei think tank che nei Paesi anglosassoni danno un contributo ine-stimabile alla diffusione del liberalismo. Non mancher\u00e0 tuttavia di assumere posizione e promuovere iniziative su tematiche locali, cercando di offrire le proprie soluzioni ai problemi che affliggono il territorio pontino&#8221;.<\/p>\n<p style=\"text-align: justify;\">\n","protected":false},"excerpt":{"rendered":"<p>LATINA &#8211; Luned\u00ec 23 dicembre, al Ristorante Pizza e Fichi di Latina (alle 11.30) si presenter\u00e0 a Latina il neo-costituito Club &#8220;Forza Silvio&#8221; . &#8220;Il nostro Club \u2013 spiegano in una nota gli attivisti &#8211; \u00e8 nato per iniziativa di un gruppo di giovani \u2013 e si rivolge a quei ragazzi alla ricerca di un [&hellip;]<\/p>\n","protected":false},"author":62,"featured_media":144848,"comment_status":"open","ping_status":"closed","sticky":false,"template":"","format":"standard","meta":{"footnotes":""},"categories":[8],"tags":[],"class_list":["post-144847","post","type-post","status-publish","format-standard","has-post-thumbnail","hentry","category-politica"],"_links":{"self":[{"href":"https:\/\/www.radioluna.it\/news\/wp-json\/wp\/v2\/posts\/144847","targetHints":{"allow":["GET"]}}],"collection":[{"href":"https:\/\/www.radioluna.it\/news\/wp-json\/wp\/v2\/posts"}],"about":[{"href":"https:\/\/www.radioluna.it\/news\/wp-json\/wp\/v2\/types\/post"}],"author":[{"embeddable":true,"href":"https:\/\/www.radioluna.it\/news\/wp-json\/wp\/v2\/users\/62"}],"replies":[{"embeddable":true,"href":"https:\/\/www.radioluna.it\/news\/wp-json\/wp\/v2\/comments?post=144847"}],"version-history":[{"count":0,"href":"https:\/\/www.radioluna.it\/news\/wp-json\/wp\/v2\/posts\/144847\/revisions"}],"wp:featuredmedia":[{"embeddable":true,"href":"https:\/\/www.radioluna.it\/news\/wp-json\/wp\/v2\/media\/144848"}],"wp:attachment":[{"href":"https:\/\/www.radioluna.it\/news\/wp-json\/wp\/v2\/media?parent=144847"}],"wp:term":[{"taxonomy":"category","embeddable":true,"href":"https:\/\/www.radioluna.it\/news\/wp-json\/wp\/v2\/categories?post=144847"},{"taxonomy":"post_tag","embeddable":true,"href":"https:\/\/www.radioluna.it\/news\/wp-json\/wp\/v2\/tags?post=144847"}],"curies":[{"name":"wp","href":"https:\/\/api.w.org\/{rel}","templated":true}]}}