{"id":144849,"date":"2013-12-21T13:31:42","date_gmt":"2013-12-21T12:31:42","guid":{"rendered":"http:\/\/www.radioluna.it\/news\/?p=144849"},"modified":"2013-12-21T13:31:42","modified_gmt":"2013-12-21T12:31:42","slug":"andreoli-attende-citta-di-castello-e-lultimo-impegno-dellanno","status":"publish","type":"post","link":"https:\/\/www.radioluna.it\/news\/2013\/12\/andreoli-attende-citta-di-castello-e-lultimo-impegno-dellanno\/","title":{"rendered":"ANDREOLI ATTENDE CITTA\u2019 DI CASTELLO<BR> E&#8217; l&#8217;ultimo impegno dell&#8217;anno"},"content":{"rendered":"<div id=\"fb-root\"><\/div>\n<p><a href=\"http:\/\/www.radioluna.it\/news\/wp-content\/uploads\/2012\/09\/pallone-volley.jpg\"><img loading=\"lazy\" decoding=\"async\" class=\"alignleft size-medium wp-image-125469\" alt=\"pallone-volley\" src=\"http:\/\/www.radioluna.it\/news\/wp-content\/uploads\/2012\/09\/pallone-volley-284x300.jpg\" width=\"284\" height=\"300\" \/><\/a>LATINA &#8211;\u00a0Dopo il \u00a0mercoled\u00ec di Coppa con l\u2019Andreoli che si \u00e8 qualificata agli ottavi di finale della Challenge Cup, ritorna in campionato. Domenica alle 18 ospita al PalaBianchini l\u2019Altotevere Citt\u00e0 di Castello per la decima giornata di A1.<\/p>\n<p style=\"text-align: justify;\">Una giornata che si gioca in maniera anomala dato che molte squadre non avranno gli atleti che saranno impegnati dal 3 al 5 gennaio nelle qualificazioni al Mondiale 2014. Saranno impegnate 20 nazionali europee, che per regolamento internazionale, devono avere a disposizione i propri convocati quindici giorni prima dell\u2019evento. Mancheranno cos\u00ec il tedesco Christian Fromm e il belga Gert van Walle nelle file degli umbri, gli unici due stranieri tesserati, mentre u pontini non potranno contare sull\u2019apposto di Verhees e Skrimov.<\/p>\n<p style=\"text-align: justify;\">L\u2019Altotevere \u00e8 alla prima stagione in A1, mentre un\u2019altra societ\u00e0 di Citt\u00e0 di Castello, la GS Pallavolo, arriv\u00f2 nella massima serie nel 1991-92, ma poi chiuse i battenti con la retrocessione in B1 due anni dopo. La formazione di Andrea Radici \u00e8 ancora in corsa per entrare nel tabellone della Coppa Italia che premia le prime otto del girone di andata. Il suo bilancio \u00e8 di 3 gare vinte se 6 perse a soli due punti da Cuneo. Ha iniziato la stagione con l\u2019esaltante vittoria 3-1 col Piacenza, dopo la sconfitta a Molfetta e con Verona, ancora un risultato importante 3-2 a Modena, poi la sconfitta a Macerata quindi il 3-2 a Ravenna. Nelle ultime tre gare tre sconfitte anche se \u00e8 riuscita a strappare un punto a Trento.<\/p>\n<p style=\"text-align: justify;\">Radici, con le assenze di Fromm e van Walle, \u00e8 costretto a schierare un sestetto tutto italiano presumibilmente con Corvetta in regia e al posto del belga Carminati o Sartoretti, l\u2019azzurro Piano e Rossi al centro, Massari e Dolfo di banda, Tosi libero. Santilli non potr\u00e0 contare su Skrimov e Verhees, quindi potrebbe schierare Sottile in regia e Starovic opposto, Gitto e Candellaro centrali, Noda e Fragkos schiacciatori, Rossini libero, con gli altri pronti a subentrare.<\/p>\n<p style=\"text-align: justify;\">Due gli ex ed entrambi nelle file dei pontini: Rossini nel 2010-11 e Noda nel 2011-12.<\/p>\n<p style=\"text-align: justify;\">\n","protected":false},"excerpt":{"rendered":"<p>LATINA &#8211;\u00a0Dopo il \u00a0mercoled\u00ec di Coppa con l\u2019Andreoli che si \u00e8 qualificata agli ottavi di finale della Challenge Cup, ritorna in campionato. Domenica alle 18 ospita al PalaBianchini l\u2019Altotevere Citt\u00e0 di Castello per la decima giornata di A1. Una giornata che si gioca in maniera anomala dato che molte squadre non avranno gli atleti che [&hellip;]<\/p>\n","protected":false},"author":60,"featured_media":0,"comment_status":"open","ping_status":"closed","sticky":false,"template":"","format":"standard","meta":{"footnotes":""},"categories":[17],"tags":[],"class_list":["post-144849","post","type-post","status-publish","format-standard","hentry","category-sport"],"_links":{"self":[{"href":"https:\/\/www.radioluna.it\/news\/wp-json\/wp\/v2\/posts\/144849","targetHints":{"allow":["GET"]}}],"collection":[{"href":"https:\/\/www.radioluna.it\/news\/wp-json\/wp\/v2\/posts"}],"about":[{"href":"https:\/\/www.radioluna.it\/news\/wp-json\/wp\/v2\/types\/post"}],"author":[{"embeddable":true,"href":"https:\/\/www.radioluna.it\/news\/wp-json\/wp\/v2\/users\/60"}],"replies":[{"embeddable":true,"href":"https:\/\/www.radioluna.it\/news\/wp-json\/wp\/v2\/comments?post=144849"}],"version-history":[{"count":0,"href":"https:\/\/www.radioluna.it\/news\/wp-json\/wp\/v2\/posts\/144849\/revisions"}],"wp:attachment":[{"href":"https:\/\/www.radioluna.it\/news\/wp-json\/wp\/v2\/media?parent=144849"}],"wp:term":[{"taxonomy":"category","embeddable":true,"href":"https:\/\/www.radioluna.it\/news\/wp-json\/wp\/v2\/categories?post=144849"},{"taxonomy":"post_tag","embeddable":true,"href":"https:\/\/www.radioluna.it\/news\/wp-json\/wp\/v2\/tags?post=144849"}],"curies":[{"name":"wp","href":"https:\/\/api.w.org\/{rel}","templated":true}]}}