{"id":145022,"date":"2013-12-30T12:45:33","date_gmt":"2013-12-30T11:45:33","guid":{"rendered":"http:\/\/www.radioluna.it\/news\/?p=145022"},"modified":"2013-12-30T12:45:33","modified_gmt":"2013-12-30T11:45:33","slug":"patarini-su-fb-restituisco-il-tablet-cozzolino-pd-ora-vadano-alla-biblioteca","status":"publish","type":"post","link":"https:\/\/www.radioluna.it\/news\/2013\/12\/patarini-su-fb-restituisco-il-tablet-cozzolino-pd-ora-vadano-alla-biblioteca\/","title":{"rendered":"PATARINI SU FB: &#8220;RESTITUISCO IL TABLET&#8221;<BR> Cozzolino (Pd): &#8220;Ora vadano alla biblioteca&#8221;"},"content":{"rendered":"<div id=\"fb-root\"><\/div>\n<p style=\"text-align: justify;\"><a href=\"http:\/\/www.radioluna.it\/news\/wp-content\/uploads\/2013\/12\/PATARINI-TABLET.jpg\"><img loading=\"lazy\" decoding=\"async\" class=\"alignleft size-thumbnail wp-image-145023\" alt=\"PATARINI TABLET\" src=\"http:\/\/www.radioluna.it\/news\/wp-content\/uploads\/2013\/12\/PATARINI-TABLET-150x150.jpg\" width=\"150\" height=\"150\" srcset=\"https:\/\/www.radioluna.it\/news\/wp-content\/uploads\/2013\/12\/PATARINI-TABLET-150x150.jpg 150w, https:\/\/www.radioluna.it\/news\/wp-content\/uploads\/2013\/12\/PATARINI-TABLET-300x300.jpg 300w, https:\/\/www.radioluna.it\/news\/wp-content\/uploads\/2013\/12\/PATARINI-TABLET-80x80.jpg 80w, https:\/\/www.radioluna.it\/news\/wp-content\/uploads\/2013\/12\/PATARINI-TABLET-50x50.jpg 50w\" sizes=\"auto, (max-width: 150px) 100vw, 150px\" \/><\/a>LATINA &#8211;\u00a0Ha deciso di\u00a0restituire all&#8217;ufficio di Presidenza del Consiglio Comunale il tablet ricevuto in dotazione e comodato d&#8217;uso perch\u00e9 venga destinato alla biblioteca comunale o per finalit\u00e0 didattiche nelle scuole, il consigliere comunale, Maurizio Patarini. L&#8217;iniziativa era stata lanciata dal Pd e votata da tutta la Commisione Cultura.<\/p>\n<p style=\"text-align: justify;\">Patarini non \u00e8 il primo a rinunciare al benefit: &#8221; Io anche ho restituito il tablet, adesso per\u00f2 dobbiamo riuscire a farli avere alla biblioteca o alle scuole, perch\u00e9 abbiamo deciso pi\u00f9 di un mese fa questa cosa e ad oggi ancora non sappiamo i tablet restituiti quanti sono e a chi darli&#8221;, commenta il consigliere democratico Alessandro Cozzolino.<\/p>\n","protected":false},"excerpt":{"rendered":"<p>LATINA &#8211;\u00a0Ha deciso di\u00a0restituire all&#8217;ufficio di Presidenza del Consiglio Comunale il tablet ricevuto in dotazione e comodato d&#8217;uso perch\u00e9 venga destinato alla biblioteca comunale o per finalit\u00e0 didattiche nelle scuole, il consigliere comunale, Maurizio Patarini. L&#8217;iniziativa era stata lanciata dal Pd e votata da tutta la Commisione Cultura. Patarini non \u00e8 il primo a rinunciare [&hellip;]<\/p>\n","protected":false},"author":62,"featured_media":145023,"comment_status":"open","ping_status":"closed","sticky":false,"template":"","format":"standard","meta":{"footnotes":""},"categories":[8],"tags":[],"class_list":["post-145022","post","type-post","status-publish","format-standard","has-post-thumbnail","hentry","category-politica"],"_links":{"self":[{"href":"https:\/\/www.radioluna.it\/news\/wp-json\/wp\/v2\/posts\/145022","targetHints":{"allow":["GET"]}}],"collection":[{"href":"https:\/\/www.radioluna.it\/news\/wp-json\/wp\/v2\/posts"}],"about":[{"href":"https:\/\/www.radioluna.it\/news\/wp-json\/wp\/v2\/types\/post"}],"author":[{"embeddable":true,"href":"https:\/\/www.radioluna.it\/news\/wp-json\/wp\/v2\/users\/62"}],"replies":[{"embeddable":true,"href":"https:\/\/www.radioluna.it\/news\/wp-json\/wp\/v2\/comments?post=145022"}],"version-history":[{"count":0,"href":"https:\/\/www.radioluna.it\/news\/wp-json\/wp\/v2\/posts\/145022\/revisions"}],"wp:featuredmedia":[{"embeddable":true,"href":"https:\/\/www.radioluna.it\/news\/wp-json\/wp\/v2\/media\/145023"}],"wp:attachment":[{"href":"https:\/\/www.radioluna.it\/news\/wp-json\/wp\/v2\/media?parent=145022"}],"wp:term":[{"taxonomy":"category","embeddable":true,"href":"https:\/\/www.radioluna.it\/news\/wp-json\/wp\/v2\/categories?post=145022"},{"taxonomy":"post_tag","embeddable":true,"href":"https:\/\/www.radioluna.it\/news\/wp-json\/wp\/v2\/tags?post=145022"}],"curies":[{"name":"wp","href":"https:\/\/api.w.org\/{rel}","templated":true}]}}