{"id":145160,"date":"2014-01-03T19:04:08","date_gmt":"2014-01-03T18:04:08","guid":{"rendered":"http:\/\/www.radioluna.it\/news\/?p=145160"},"modified":"2014-01-03T19:04:08","modified_gmt":"2014-01-03T18:04:08","slug":"serie-b-il-punto-sul-mercato-il-latina-sogna-cacia-dellhellas-verona","status":"publish","type":"post","link":"https:\/\/www.radioluna.it\/news\/2014\/01\/serie-b-il-punto-sul-mercato-il-latina-sogna-cacia-dellhellas-verona\/","title":{"rendered":"SERIE B, IL PUNTO SUL MERCATO <BR> Il Latina sogna Cacia dell&#8217;Hellas Verona"},"content":{"rendered":"<div id=\"fb-root\"><\/div>\n<p align=\"JUSTIFY\">\n<p align=\"JUSTIFY\"><a href=\"http:\/\/www.radioluna.it\/news\/2013\/07\/tessere-latina-calcio-abbonamenti-in-vendita\/latina_calcio_us_bandiera_animata-300x196\/\" rel=\"attachment wp-att-138736\"><img loading=\"lazy\" decoding=\"async\" class=\"alignleft size-thumbnail wp-image-138736\" alt=\"Latina_Calcio_US_bandiera_animata-300x196\" src=\"http:\/\/www.radioluna.it\/news\/wp-content\/uploads\/2013\/07\/Latina_Calcio_US_bandiera_animata-300x196-150x150.gif\" width=\"150\" height=\"150\" srcset=\"https:\/\/www.radioluna.it\/news\/wp-content\/uploads\/2013\/07\/Latina_Calcio_US_bandiera_animata-300x196-150x150.gif 150w, https:\/\/www.radioluna.it\/news\/wp-content\/uploads\/2013\/07\/Latina_Calcio_US_bandiera_animata-300x196-80x80.gif 80w, https:\/\/www.radioluna.it\/news\/wp-content\/uploads\/2013\/07\/Latina_Calcio_US_bandiera_animata-300x196-50x50.gif 50w\" sizes=\"auto, (max-width: 150px) 100vw, 150px\" \/><\/a><\/p>\n<p align=\"JUSTIFY\"><span style=\"color: #000000;\"><span style=\"font-size: small;\"><span style=\"color: #333333;\"><span style=\"font-family: Arial, Helvetica, sans-serif;\"><span>LATINA- Se il campionato di serie B \u00e8 fermo e riprender\u00e0 il prossimo 25 gennaio con la sfida tra Latina ed Empoli, la societ\u00e0 nerazzurra \u00e8 attiva sul mercato e sono almeno quattro gli obiettivi del club pontino tra cui un portiere (che far\u00e0 da riserva a Iacobucci), un esterno di sinistra, un centrocampista centrale e un attaccante. Sul fronte delle partenze sembrano scontati i saluti di Dario Barraco, (su di lui ci sono gli occhi di Perugia, Lecce ma \u00a0anche del Frosinone) e poi di Cejas, Di Chiara, Negro, De Giosa (seguito dalla Salernitana) e poi di Ioime che sarebbe vicino alla Torres mentre il secondo portiere Pawloski \u00e8 rientrato all&#8217;Udinese. Il Latina cerca un attaccante e sfumata la suggestiva ipotesi di Di Vaio che continuer\u00e0 a giocare in Canada a Montreal e il cui futuro potrebbe essere da dirigente nel Bologna, i nerazzurri sognano Daniele Cacia, attaccante di 30 anni, l&#8217;anno scorso protagonista della promozione in A dell&#8217;Hellas Verona ma che quest&#8217;anno ha trovato pochissimo spazio in attacco. Se il procuratore dell&#8217;attaccante scaligero smentisce ogni contatto con il Latina e un&#8217;ipotesi di vederlo in serie B, l&#8217;ultima parola spetter\u00e0 proprio a Cacia che dovr\u00e0 decidere se lasciare la piazza di Verona a cui \u00e8 molto legato e scendere di categoria per giocare oppure vivere l&#8217;avventura in serie A ma da dietro le quinte. L&#8217;ultima decisione spetta proprio all&#8217;attaccante che negli ultimi giorni avrebbe pensato pi\u00f9 volte a questa ipotesi. Su di lui c&#8217;\u00e8 anche un forte pressing del Pescara.<\/span><\/span><\/span><\/span><\/span><\/p>\n","protected":false},"excerpt":{"rendered":"<p>LATINA- Se il campionato di serie B \u00e8 fermo e riprender\u00e0 il prossimo 25 gennaio con la sfida tra Latina ed Empoli, la societ\u00e0 nerazzurra \u00e8 attiva sul mercato e sono almeno quattro gli obiettivi del club pontino tra cui un portiere (che far\u00e0 da riserva a Iacobucci), un esterno di sinistra, un centrocampista centrale [&hellip;]<\/p>\n","protected":false},"author":60,"featured_media":138736,"comment_status":"open","ping_status":"closed","sticky":false,"template":"","format":"standard","meta":{"footnotes":""},"categories":[17],"tags":[],"class_list":["post-145160","post","type-post","status-publish","format-standard","has-post-thumbnail","hentry","category-sport"],"_links":{"self":[{"href":"https:\/\/www.radioluna.it\/news\/wp-json\/wp\/v2\/posts\/145160","targetHints":{"allow":["GET"]}}],"collection":[{"href":"https:\/\/www.radioluna.it\/news\/wp-json\/wp\/v2\/posts"}],"about":[{"href":"https:\/\/www.radioluna.it\/news\/wp-json\/wp\/v2\/types\/post"}],"author":[{"embeddable":true,"href":"https:\/\/www.radioluna.it\/news\/wp-json\/wp\/v2\/users\/60"}],"replies":[{"embeddable":true,"href":"https:\/\/www.radioluna.it\/news\/wp-json\/wp\/v2\/comments?post=145160"}],"version-history":[{"count":0,"href":"https:\/\/www.radioluna.it\/news\/wp-json\/wp\/v2\/posts\/145160\/revisions"}],"wp:featuredmedia":[{"embeddable":true,"href":"https:\/\/www.radioluna.it\/news\/wp-json\/wp\/v2\/media\/138736"}],"wp:attachment":[{"href":"https:\/\/www.radioluna.it\/news\/wp-json\/wp\/v2\/media?parent=145160"}],"wp:term":[{"taxonomy":"category","embeddable":true,"href":"https:\/\/www.radioluna.it\/news\/wp-json\/wp\/v2\/categories?post=145160"},{"taxonomy":"post_tag","embeddable":true,"href":"https:\/\/www.radioluna.it\/news\/wp-json\/wp\/v2\/tags?post=145160"}],"curies":[{"name":"wp","href":"https:\/\/api.w.org\/{rel}","templated":true}]}}