{"id":145219,"date":"2014-01-07T09:52:47","date_gmt":"2014-01-07T08:52:47","guid":{"rendered":"http:\/\/www.radioluna.it\/news\/?p=145219"},"modified":"2014-01-07T09:52:47","modified_gmt":"2014-01-07T08:52:47","slug":"benacquista-campione-dinverno-latina-12-vittorie-e-primato","status":"publish","type":"post","link":"https:\/\/www.radioluna.it\/news\/2014\/01\/benacquista-campione-dinverno-latina-12-vittorie-e-primato\/","title":{"rendered":"BENACQUISTA CAMPIONE D&#8217;INVERNO<BR> Latina 12 vittorie e primato"},"content":{"rendered":"<div id=\"fb-root\"><\/div>\n<div id=\"attachment_143602\" style=\"width: 160px\" class=\"wp-caption alignleft\"><a href=\"http:\/\/www.radioluna.it\/news\/wp-content\/uploads\/2013\/11\/Garelli-e-Di-Manno.jpg\"><img loading=\"lazy\" decoding=\"async\" aria-describedby=\"caption-attachment-143602\" class=\"size-thumbnail wp-image-143602\" alt=\"Garelli e Di Manno\" src=\"http:\/\/www.radioluna.it\/news\/wp-content\/uploads\/2013\/11\/Garelli-e-Di-Manno-150x150.jpg\" width=\"150\" height=\"150\" srcset=\"https:\/\/www.radioluna.it\/news\/wp-content\/uploads\/2013\/11\/Garelli-e-Di-Manno-150x150.jpg 150w, https:\/\/www.radioluna.it\/news\/wp-content\/uploads\/2013\/11\/Garelli-e-Di-Manno-300x300.jpg 300w, https:\/\/www.radioluna.it\/news\/wp-content\/uploads\/2013\/11\/Garelli-e-Di-Manno-80x80.jpg 80w, https:\/\/www.radioluna.it\/news\/wp-content\/uploads\/2013\/11\/Garelli-e-Di-Manno-50x50.jpg 50w\" sizes=\"auto, (max-width: 150px) 100vw, 150px\" \/><\/a><p id=\"caption-attachment-143602\" class=\"wp-caption-text\">Garelli e Di Manno<\/p><\/div>\n<p style=\"text-align: justify;\">LATINA &#8211;\u00a0La Benacquista Assicurazioni Latina Basket chiude il girone d\u2019andata centrando la dodicesima vittoria su tredici gare disputate. Un ruolino di marcia che vale il titolo (platonico) di campione d\u2019inverno e che, in maniera molto pi\u00f9 concreta, permette al quintetto nerazzurro di centrare la qualificazione alle finali di Coppa Italia da prima del girone. Nel play off, la Benacquista Assicurazioni Latina Basket dovr\u00e0 vedersela con la Polisportiva Agropoli: si disputeranno gare di andata (tra il 22 ed il 24 gennaio in Campania) e ritorno (tra il 4 ed il 6 febbraio nel capoluogo pontino), al termine delle quali le vincenti accederanno alla Adecco Cup DNB Final Four.<\/p>\n<p style=\"text-align: justify;\">Al di l\u00e0 della Coppa Italia, l\u2019affermazione ottenuta contro la NPC Rieti \u00e8 comunque servita per conservare la prima posizione della classifica del girone C del campionato DNB e per aumentare il distacco sulle pi\u00f9 immediate inseguitrice, con la stessa Rieti e Pescara adesso a 4 lunghezze di distacco.<br \/>\nHa di che essere soddisfatto il coach nerazzurro Luigi Garelli: \u201cLa partita \u00e8 andata come ce l\u2019aspettavamo ed anche un po\u2019 come volevamo che andasse \u2013 analizza il tecnico \u2013 come spesso accade in match tra due squadre che amano giocare a pallacanestro, le difese hanno avuto la meglio sui rispettivi attacchi, perch\u00e9 ognuna delle due formazioni ha preparato delle contromosse. Entrambe le squadre hanno dovuto fare i conti con qualche assenza. A Rieti mancavano Feliciangeli e Mascagni, noi abbiamo pagato l\u2019assenza di Bolzonella, che ha dimostrato di avere un peso specifico importante nel nostro scacchiere offensivo, ma sono soddisfatto del rientro di Santolamazza, tornato a disposizione a tempo di record\u201d.<br \/>\nSulla gara: \u201cHo molto apprezzato la condotta della mia squadra dal punto di vista difensivo e mentale \u2013 commenta coach Luigi Garelli \u2013 ogni volta che loro si sono rifatti sotto non abbiamo mai perso di vista il piano partita e soprattutto non abbiamo mai perso la testa. Siamo rimasti sempre lucidi per capire che stavamo perdendo il filo e che era il momento di tornare a fare le cose che avevamo fatto fin l\u00ec. Le percentuali, soprattutto dalla lunga distanza, non sono state un granch\u00e9, ma dal mio punto di vista era una gara da vincere difensivamente e per una volta si \u00e8 messa come volevamo e come l\u2019avevamo preparata. E\u2019 chiaro che ci sono cose che si potevano fare meglio, come quando ad inizio di terzo quarto abbiamo mollato leggermente la presa dal punto di vista difensivo ed abbiamo attaccato troppo da fermi, concedendo loro la possibilit\u00e0 di rientrare. D\u2019altronde, come noi abbiamo studiato loro, anche loro hanno preparato molto bene la partita. La nostra bravura \u00e8 stata quella di rintuzzare mentalmente tutti i tentativi di rientrare da parte di Rieti, senza mai andare sotto nel punteggio\u201d.<\/p>\n","protected":false},"excerpt":{"rendered":"<p>LATINA &#8211;\u00a0La Benacquista Assicurazioni Latina Basket chiude il girone d\u2019andata centrando la dodicesima vittoria su tredici gare disputate. Un ruolino di marcia che vale il titolo (platonico) di campione d\u2019inverno e che, in maniera molto pi\u00f9 concreta, permette al quintetto nerazzurro di centrare la qualificazione alle finali di Coppa Italia da prima del girone. Nel [&hellip;]<\/p>\n","protected":false},"author":60,"featured_media":143602,"comment_status":"open","ping_status":"closed","sticky":false,"template":"","format":"standard","meta":{"footnotes":""},"categories":[17],"tags":[],"class_list":["post-145219","post","type-post","status-publish","format-standard","has-post-thumbnail","hentry","category-sport"],"_links":{"self":[{"href":"https:\/\/www.radioluna.it\/news\/wp-json\/wp\/v2\/posts\/145219","targetHints":{"allow":["GET"]}}],"collection":[{"href":"https:\/\/www.radioluna.it\/news\/wp-json\/wp\/v2\/posts"}],"about":[{"href":"https:\/\/www.radioluna.it\/news\/wp-json\/wp\/v2\/types\/post"}],"author":[{"embeddable":true,"href":"https:\/\/www.radioluna.it\/news\/wp-json\/wp\/v2\/users\/60"}],"replies":[{"embeddable":true,"href":"https:\/\/www.radioluna.it\/news\/wp-json\/wp\/v2\/comments?post=145219"}],"version-history":[{"count":0,"href":"https:\/\/www.radioluna.it\/news\/wp-json\/wp\/v2\/posts\/145219\/revisions"}],"wp:featuredmedia":[{"embeddable":true,"href":"https:\/\/www.radioluna.it\/news\/wp-json\/wp\/v2\/media\/143602"}],"wp:attachment":[{"href":"https:\/\/www.radioluna.it\/news\/wp-json\/wp\/v2\/media?parent=145219"}],"wp:term":[{"taxonomy":"category","embeddable":true,"href":"https:\/\/www.radioluna.it\/news\/wp-json\/wp\/v2\/categories?post=145219"},{"taxonomy":"post_tag","embeddable":true,"href":"https:\/\/www.radioluna.it\/news\/wp-json\/wp\/v2\/tags?post=145219"}],"curies":[{"name":"wp","href":"https:\/\/api.w.org\/{rel}","templated":true}]}}